{"id":6417,"date":"2017-07-16T09:01:13","date_gmt":"2017-07-16T07:01:13","guid":{"rendered":"https:\/\/www.bartmaes.eu\/?p=6417"},"modified":"2021-10-29T09:07:04","modified_gmt":"2021-10-29T07:07:04","slug":"omega-vitamine-e-carotenes","status":"publish","type":"post","link":"https:\/\/www.bartmaes.eu\/fr\/omega\/omega-vitamine-e-carotenes\/","title":{"rendered":"Jamais om\u00e9ga 3 et om\u00e9ga 6 sans vitamine E et carot\u00e8nes"},"content":{"rendered":"<div class=\"fusion-fullwidth fullwidth-box fusion-builder-row-1 nonhundred-percent-fullwidth non-hundred-percent-height-scrolling\" style=\"background-color: rgba(255,255,255,0);background-position: center center;background-repeat: no-repeat;padding-top:0px;padding-right:0px;padding-bottom:0px;padding-left:0px;margin-bottom: 0px;margin-top: 0px;border-width: 0px 0px 0px 0px;border-color:#eae9e9;border-style:solid;\" ><div class=\"fusion-builder-row fusion-row\"><div class=\"fusion-layout-column fusion_builder_column fusion-builder-column-0 fusion_builder_column_1_1 1_1 fusion-one-full fusion-column-first fusion-column-last\" style=\"margin-top:0px;margin-bottom:20px;\"><div class=\"fusion-column-wrapper fusion-flex-column-wrapper-legacy\" style=\"background-position:left top;background-repeat:no-repeat;-webkit-background-size:cover;-moz-background-size:cover;-o-background-size:cover;background-size:cover;padding: 0px 0px 0px 0px;\"><div class=\"fusion-text fusion-text-1\"><h1>Jamais d&rsquo;om\u00e9ga 3 et d&rsquo;om\u00e9ga 6 sans suffisamment de vitamine E et de carot\u00e8nes<\/h1>\n<p>\u00abLa vitamine E et le carot\u00e8ne sont n\u00e9cessaires pour garder intacts les om\u00e9ga-3 et 6 dans notre corps, pour les prot\u00e9ger de la destruction par l&rsquo;oxyg\u00e8ne et les radicaux libres. Ces antioxydants (vitamine E et carot\u00e8nes) maintiennent les om\u00e9ga 3 et om\u00e9ga 6 en forme pour remplir leurs fonctions importantes \u00bb (29). \u00abNos membranes cellulaires prot\u00e8gent nos cellules. Des parois cellulaires mal prot\u00e9g\u00e9es nuisent \u00e0 la fois au noyau de la cellule (o\u00f9 est stock\u00e9 l&rsquo;ADN) et aux mitochondries (qui sont les centrales \u00e9lectriques des cellules) \u00bb (29). Selon Udo Erasmus, auteur du livre \u00ab Fatal fats, vital fats \u00bb.<\/p>\n<p>\u00ab Les membranes doivent \u00eatre souples et perm\u00e9ables. C&rsquo;est ce qu&rsquo;apportent les om\u00e9ga 3 et les om\u00e9ga 6. Mais ils doivent \u00eatre prot\u00e9g\u00e9s par la vitamine E (et les carot\u00e8nes). Aucun autre antioxydant n&rsquo;a la capacit\u00e9 d&rsquo;arr\u00eater l&rsquo;effet domino dommageable des radicaux libres. En particulier les alpha et gamma tocoph\u00e9rols (vitamine E).&rsquo; C&rsquo;est ce qu&rsquo;\u00e9crit Andrea Papas, auteur du livre &lsquo;Vitamine E&rsquo; (30).<\/p>\n<p>Les radicaux libres provoquent des r\u00e9actions chimiques nocives telles que le fer rouille \u00e0 cause de l&rsquo;oxyg\u00e8ne, une pomme coup\u00e9e brunit et l&rsquo;huile et les noix rancissent. Les antioxydants emp\u00eachent ces r\u00e9actions de dominos nocives. Par exemple, mettez du jus de citron (vitamine C) sur un morceau de pomme et il ne se d\u00e9colore pas (vieillit ou s&rsquo;oxyde). De m\u00eame, la vitamine E et les carot\u00e8nes dans notre corps emp\u00eachent l&rsquo;huile (graisse) de rancir (20 21).<\/p>\n<p>\u00abLa vitamine E prot\u00e8ge les graisses de la d\u00e9t\u00e9rioration en \u00e9liminant les radicaux libres avant qu&rsquo;ils n&rsquo;endommagent les om\u00e9ga-3\/6\u00bb. \u00ab Plus vous mangez d&rsquo;om\u00e9ga 3 et d&rsquo;om\u00e9ga 6, plus vous avez besoin de vitamine E \u00bb (31). Cela confirme le Dr. Ulrich Stunz, l&rsquo;auteur allemand du livre &lsquo;La r\u00e9volution vitaminique&rsquo;.<\/p>\n<p>\u00ab Les om\u00e9ga-3\/6 sont les cibles les plus privil\u00e9gi\u00e9es des radicaux libres \u00bb (33), \u00e9crit Barry Sears, auteur de \u00ab The Anti-ageing Zone \u00bb.<\/p>\n<p>\u00ab\u00a0De toutes les huiles que nous trouvons dans les aliments, les om\u00e9ga-3 rancissent le plus rapidement par oxydation, c&rsquo;est pourquoi les om\u00e9ga-3 ont le plus grand potentiel de dommages que les radicaux libres peuvent causer\u00a0\u00bb (38), explique Bruce Fife, auteur de \u00a0\u00bb Les graisses satur\u00e9es peuvent changer votre vie.<\/p>\n<p><img decoding=\"async\" class=\"alignright size-medium wp-image-384\" src=\"https:\/\/www.bartmaes.eu\/wp-content\/uploads\/2017\/07\/vitamine-e-omega-carotenen-300x200.jpg\" alt=\"Ne prenez pas d'om\u00e9ga 3 et d'om\u00e9ga 6 sans vitamine E et carot\u00e8nes \" width=\"300\" height=\"200\" srcset=\"https:\/\/www.bartmaes.eu\/wp-content\/uploads\/2017\/07\/vitamine-e-omega-carotenen-200x133.jpg 200w, https:\/\/www.bartmaes.eu\/wp-content\/uploads\/2017\/07\/vitamine-e-omega-carotenen-300x200.jpg 300w, https:\/\/www.bartmaes.eu\/wp-content\/uploads\/2017\/07\/vitamine-e-omega-carotenen-400x267.jpg 400w, https:\/\/www.bartmaes.eu\/wp-content\/uploads\/2017\/07\/vitamine-e-omega-carotenen-600x400.jpg 600w, https:\/\/www.bartmaes.eu\/wp-content\/uploads\/2017\/07\/vitamine-e-omega-carotenen-768x512.jpg 768w, https:\/\/www.bartmaes.eu\/wp-content\/uploads\/2017\/07\/vitamine-e-omega-carotenen-800x533.jpg 800w, https:\/\/www.bartmaes.eu\/wp-content\/uploads\/2017\/07\/vitamine-e-omega-carotenen.jpg 960w\" sizes=\"(max-width: 300px) 100vw, 300px\" \/>\u00abLes om\u00e9ga 3 et les om\u00e9ga 6 sont tr\u00e8s sensibles \u00e0 l&rsquo;oxydation, surtout apr\u00e8s les avoir pris. Ce que vous ne voulez certainement pas, c&rsquo;est l&rsquo;oxydation des om\u00e9ga-3\/6 dans vos vaisseaux sanguins. Les radicaux libres n&rsquo;ont aucune chance avec la vitamine E\u2026 \u00bb (34), confirme le Dr. Atkins, auteur de \u00ab\u00a0The Anti-Aging Diet Revolution\u00a0\u00bb<\/p>\n<p>\u00abSi les om\u00e9ga 3 et om\u00e9ga 6 dans le sang entrent en contact avec l&rsquo;oxyg\u00e8ne, la peroxydation (devenant rance) se produit facilement. Cependant, si suffisamment de vitamine E est pr\u00e9sente, la peroxydation est emp\u00each\u00e9e. Une alimentation riche en om\u00e9ga-3\/6 a besoin de plus de vitamine E&rsquo; (41). C&rsquo;est l&rsquo;opinion de C. van het Kaar, auteur n\u00e9erlandais de &lsquo;Uw hart en vitamine E&rsquo;.<\/p>\n<p>\u00ab Le besoin en vitamine E augmente avec l&rsquo;utilisation d&rsquo;acides gras insatur\u00e9s \u00bb, confirme la Pharmacop\u00e9e n\u00e9erlandaise.<\/p>\n<p>\u00ab\u00a0Les om\u00e9ga 3 et les om\u00e9ga 6 sont les cibles pr\u00e9f\u00e9r\u00e9es des radicaux libres, toute r\u00e9duction des radicaux libres sera positive pour l&rsquo;\u00e9quilibre hormonal gr\u00e2ce \u00e0 la production correcte d&rsquo;eicosano\u00efdes\u00a0\u00bb, d\u00e9clare Barry Sears auteur du best-seller &lsquo;The Anti-Aging Zone&rsquo;.<\/p>\n<p>\u00ab\u00a0Je prends moi-m\u00eame 1200 mg de vitamine E par jour\u00a0\u00bb, explique le Dr. Le Compte, ancien pr\u00e9sident de l&rsquo;Association belge de g\u00e9riatrie. \u00abC&rsquo;est la preuve que je crois en la valeur de la vitamine E en tant qu&rsquo;antioxydant. Le vieillissement n&rsquo;est rien d&rsquo;autre qu&rsquo;une r\u00e9action d&rsquo;oxydation \u00bb (32).<\/p>\n<p>\u00ab Un apport de 0,4 mg d&rsquo;alpha-tocoph\u00e9rol (vitamine E) par gramme d&rsquo;om\u00e9ga 3 et d&rsquo;om\u00e9ga 6 est recommand\u00e9, ce qui permet de maintenir une concentration minimale de vitamine E dans l&rsquo;organisme \u00bb (35), Conseil sup\u00e9rieur de la sant\u00e9 de Belgique.<\/p>\n<p>Minimum 0,6 mcg de vitamine E pour 1 mg d&rsquo;om\u00e9ga-3\/6. Des niveaux plus \u00e9lev\u00e9s sont recommand\u00e9s avec des huiles riches en om\u00e9ga-3 et 6 (37).&rsquo; Selon la FAO, organisation des Nations Unies pour l&rsquo;alimentation et l&rsquo;agriculture.<\/p>\n<p>Conclusion : les om\u00e9ga 3 et les om\u00e9ga 6 sans vitamine E rancissent rapidement dans l&rsquo;organisme et causent des dommages. Une quantit\u00e9 suffisante de vitamine E prot\u00e8ge les om\u00e9ga-3\/6 dans notre corps.<\/p>\n<h2>Les om\u00e9ga 3 et om\u00e9ga 6 consomment de la vitamine E et des carot\u00e8nes<\/h2>\n<p>Ceux qui prennent des om\u00e9ga 3 et des om\u00e9ga 6 consomment de la vitamine E car elle lutte contre les radicaux libres friands d&rsquo;om\u00e9ga 3 et d&rsquo;om\u00e9ga 6. Dans cette bataille constante, la vitamine E et les radicaux libres p\u00e9rissent. L&rsquo;objectif est de garder la vitamine E dans le haut de la main. C&rsquo;est pourquoi vos om\u00e9ga-3\/6 contiennent suffisamment de vitamine E.<\/p>\n<p>\u00ab Si une alimentation est riche en om\u00e9ga 3 et om\u00e9ga 6, on consomme de la vitamine E. Une carence en vitamine E endommage les tissus musculaires, endommage le cerveau et d\u00e9g\u00e9n\u00e8re les vaisseaux sanguins. Si nous incluons des om\u00e9ga 3 et des om\u00e9ga 6, nous devons \u00e9galement prendre proportionnellement plus de vitamine E.&rsquo; (36). C&rsquo;est ce qu&rsquo;a \u00e9crit le double laur\u00e9at du prix Nobel Linus Pauling.<\/p>\n<p>Les taches pigmentaires sont des graisses oxyd\u00e9es dans la peau en raison d&rsquo;une carence en vitamine E et en carot\u00e8nes. Dans leur livre &lsquo;Die Vitamin Revolution&rsquo;, Dr. U. Strunz et Andreas Jopp fournissent le tableau suivant, qui clarifie la consommation de vitamine E :<\/p>\n<\/p>\n<table class=\" aligncenter\">\n<tbody>\n<tr>\n<td><span style=\"font-weight: 400;\">huile de germe de bl\u00e9<\/span><\/td>\n<td><span style=\"font-weight: 400;\">200mg<\/span><\/td>\n<td><span style=\"font-weight: 400;\">174mg<\/span><\/td>\n<\/tr>\n<tr>\n<td><span style=\"font-weight: 400;\">huile de tournesol<\/span><\/td>\n<td><span style=\"font-weight: 400;\">50mg<\/span><\/td>\n<td><span style=\"font-weight: 400;\">19mg<\/span><\/td>\n<\/tr>\n<tr>\n<td><span style=\"font-weight: 400;\">huile d&rsquo;olive<\/span><\/td>\n<td><span style=\"font-weight: 400;\">20mg<\/span><\/td>\n<td><span style=\"font-weight: 400;\">5mg<\/span><\/td>\n<\/tr>\n<tr>huile de <\/p>\n<td><span style=\"font-weight: 400;\">germe<\/span><\/td>\n<p> de ma\u00efs <\/p>\n<td><span style=\"font-weight: 400;\">34mg<\/span><\/td>\n<td><span style=\"font-weight: 400;\">0mg<\/span><\/td>\n<\/tr>\n<tr>\n<td><span style=\"font-weight: 400;\">margarine<\/span><\/td>\n<td><span style=\"font-weight: 400;\">10mg<\/span><\/td>\n<td><span style=\"font-weight: 400;\">0mg<\/span><\/td>\n<\/tr>\n<tr>\n<td><span style=\"font-weight: 400;\">lait<\/span><\/td>\n<td><span style=\"font-weight: 400;\">2mg<\/span><\/td>\n<td><span style=\"font-weight: 400;\">0mg<\/span><\/td>\n<\/tr>\n<tr>\n<td><span style=\"font-weight: 400;\">maquereau<\/span><\/td>\n<td><span style=\"font-weight: 400;\">4mg<\/span><\/td>\n<td><span style=\"font-weight: 400;\">-3mg<\/span><\/td>\n<\/tr>\n<tr>\n<td><span style=\"font-weight: 400;\">hareng<\/span><\/td>\n<td><span style=\"font-weight: 400;\">26mg<\/span><\/td>\n<td><span style=\"font-weight: 400;\">-5mg<\/span><\/td>\n<\/tr>\n<tr>\n<td><span style=\"font-weight: 400;\">noix<\/span><\/td>\n<td><span style=\"font-weight: 400;\">6mg<\/span><\/td>\n<td><span style=\"font-weight: 400;\">-21mg<\/span><\/td>\n<\/tr>\n<tr>\n<td><span style=\"font-weight: 400;\">graines de lin et de lin<\/span><\/td>\n<td><span style=\"font-weight: 400;\">0,32mg **<\/span><\/td>\n<td><span style=\"font-weight: 400;\">tr\u00e8s n\u00e9gatif*<\/span><\/td>\n<\/tr>\n<tr>\n<td><span style=\"font-weight: 400;\">huile de lin<\/span><\/td>\n<td><span style=\"font-weight: 400;\">1,26mg **<\/span><\/td>\n<td><span style=\"font-weight: 400;\">tr\u00e8s n\u00e9gatif*<\/span><\/td>\n<\/tr>\n<\/tbody>\n<\/table>\n<p>* \u00c9tant donn\u00e9 que la graine de lin (graine de lin) contient beaucoup d&rsquo;acides gras insatur\u00e9s om\u00e9ga 3 et om\u00e9ga 6 (sensibles \u00e0 l&rsquo;oxydation) et tr\u00e8s peu de vitamine E, on peut supposer que la graine de lin (graine de lin) est un s\u00e9rieux voleur de vitamine E dans notre corps. ** Graine de lin NDB 12220, table nutritionnelle FAO\/OMS.<\/p>\n<p><img decoding=\"async\" class=\"aligncenter size-full wp-image-383\" src=\"https:\/\/www.bartmaes.eu\/wp-content\/uploads\/2017\/07\/vitamine-e-tekort.png\" alt=\"carence en vitamine e\" width=\"468\" height=\"270\" srcset=\"https:\/\/www.bartmaes.eu\/wp-content\/uploads\/2017\/07\/vitamine-e-tekort-200x115.png 200w, https:\/\/www.bartmaes.eu\/wp-content\/uploads\/2017\/07\/vitamine-e-tekort-300x173.png 300w, https:\/\/www.bartmaes.eu\/wp-content\/uploads\/2017\/07\/vitamine-e-tekort-400x231.png 400w, https:\/\/www.bartmaes.eu\/wp-content\/uploads\/2017\/07\/vitamine-e-tekort.png 468w\" sizes=\"(max-width: 468px) 100vw, 468px\" \/><\/p>\n<h2>Il existe une carence majeure en vitamine E : les carot\u00e8nes sont importants<\/h2>\n<p>Une \u00e9tude allemande a r\u00e9v\u00e9l\u00e9 que 48% des femmes et 68% des hommes n&rsquo;absorbent absolument pas les quantit\u00e9s minimales recommand\u00e9es de vitamine E. Cela place la vitamine E au bas de toutes les vitamines (Deutsche Gesellschaft f\u00fcr Ernahrung (DGE), Dr. Ulrich Strunz et Andreas Jopp, \u00ab Die Vitamin Revolution \u00bb, p. 18 (tableau) et p. 143). La vitamine E est absolument sans danger m\u00eame en tr\u00e8s grande quantit\u00e9 (39). Quantit\u00e9 minimale recommand\u00e9e : 10 mg. Dose s\u00fbre : 800 mg.<\/p>\n<h2>Huit types de vitamine E sous forme naturelle<\/h2>\n<p>On pensait autrefois que la vitamine E n&rsquo;\u00e9tait constitu\u00e9e que d&rsquo;alpha-tocoph\u00e9rol. On sait aujourd&rsquo;hui que la vitamine E, comme la vitamine B, constitue toute une \u00e9quipe. A savoir 4 tocoph\u00e9rols (alpha, b\u00eata, gamma et delta) et 4 tocotri\u00e9nols (alpha, b\u00eata, gamma et delta). Ensemble, ils sont forts et se compl\u00e8tent. Une vitamine E n&rsquo;est donc pas l&rsquo;autre.<\/p>\n<p>Par exemple, l&rsquo;Universit\u00e9 californienne de Berkeley a montr\u00e9 que les tocotri\u00e9nols sont 40 \u00e0 60 fois plus puissants pour inhiber l&rsquo;oxydation des graisses que l&rsquo;alpha-tocoph\u00e9rol.<\/p>\n<p>Les gamma-tocotri\u00e9nols et les delta-tocotri\u00e9nols peuvent emp\u00eacher la croissance de cellules canc\u00e9reuses du sein d\u00e9pendantes et ind\u00e9pendantes des \u0153strog\u00e8nes (ce que l&rsquo;alpha-tocoph\u00e9rol ne pourrait pas) (39).<\/p>\n<p>Le gamma-tocoph\u00e9rol est le plus efficace pour neutraliser les radicaux libres d&rsquo;azote, les coupables dans le cerveau (40). Les tocotri\u00e9nols sont les mieux plac\u00e9s pour prot\u00e9ger la peau des rayons UV et de la pollution de l&rsquo;air (96).<\/p>\n<h2>Le pouvoir de la vitamine E et des carot\u00e8nes<\/h2>\n<p>\u00ab\u00c9tude apr\u00e8s \u00e9tude, la vitamine E est un antioxydant important qui pr\u00e9vient l&rsquo;art\u00e9rioscl\u00e9rose, prot\u00e8ge les yeux et aide \u00e0 pr\u00e9venir le cancer. Des centaines d&rsquo;\u00e9tudes montrent que plus vous prenez de vitamine E, moins vous risquez de d\u00e9velopper tout type de cancer \u00bb (42). \u00abLa vitamine E est la vitamine anti-vieillissement\u00bb (43).<\/p>\n<\/div><div class=\"fusion-clearfix\"><\/div><\/div><\/div><\/div><\/div>\n","protected":false},"excerpt":{"rendered":"","protected":false},"author":6,"featured_media":6421,"comment_status":"open","ping_status":"open","sticky":false,"template":"","format":"standard","meta":{"footnotes":""},"categories":[145],"tags":[302],"ads-targeting":[988],"yoast_head":"<!-- This site is optimized with the Yoast SEO plugin v19.13 - https:\/\/yoast.com\/wordpress\/plugins\/seo\/ -->\n<title>Jamais om\u00e9ga 3 et om\u00e9ga 6 sans vitamine E et carot\u00e8nes<\/title>\n<meta name=\"description\" content=\"La vitamine E et les carot\u00e8nes sont n\u00e9cessaires pour les om\u00e9ga 3 et les om\u00e9ga 6. Prenez de l&#039;huile d&#039;om\u00e9ga 3 et d&#039;om\u00e9ga 6 avec de la vitamine E et des carot\u00e8nes, ceux-ci sont n\u00e9cessaires.\" \/>\n<meta name=\"robots\" content=\"index, follow, max-snippet:-1, max-image-preview:large, max-video-preview:-1\" \/>\n<link rel=\"canonical\" href=\"https:\/\/www.bartmaes.eu\/fr\/omega\/omega-vitamine-e-carotenes\/\" \/>\n<meta property=\"og:locale\" content=\"fr_FR\" \/>\n<meta property=\"og:type\" content=\"article\" \/>\n<meta property=\"og:title\" content=\"Jamais om\u00e9ga 3 et om\u00e9ga 6 sans vitamine E et carot\u00e8nes\" \/>\n<meta property=\"og:description\" content=\"La vitamine E et les carot\u00e8nes sont n\u00e9cessaires pour les om\u00e9ga 3 et les om\u00e9ga 6. Prenez de l&#039;huile d&#039;om\u00e9ga 3 et d&#039;om\u00e9ga 6 avec de la vitamine E et des carot\u00e8nes, ceux-ci sont n\u00e9cessaires.\" \/>\n<meta property=\"og:url\" content=\"https:\/\/www.bartmaes.eu\/fr\/omega\/omega-vitamine-e-carotenes\/\" \/>\n<meta property=\"og:site_name\" content=\"Bart Maes\" \/>\n<meta property=\"article:published_time\" content=\"2017-07-16T07:01:13+00:00\" \/>\n<meta property=\"article:modified_time\" content=\"2021-10-29T07:07:04+00:00\" \/>\n<meta property=\"og:image\" content=\"https:\/\/www.bartmaes.eu\/wp-content\/uploads\/2017\/07\/vitamine-e-omega-carotenen.jpg\" \/>\n\t<meta property=\"og:image:width\" content=\"960\" \/>\n\t<meta property=\"og:image:height\" content=\"640\" \/>\n\t<meta property=\"og:image:type\" content=\"image\/jpeg\" \/>\n<meta name=\"author\" content=\"Bart Maes\" \/>\n<meta name=\"twitter:card\" content=\"summary_large_image\" \/>\n<script type=\"application\/ld+json\" class=\"yoast-schema-graph\">{\"@context\":\"https:\/\/schema.org\",\"@graph\":[{\"@type\":\"Article\",\"@id\":\"https:\/\/www.bartmaes.eu\/fr\/omega\/omega-vitamine-e-carotenes\/#article\",\"isPartOf\":{\"@id\":\"https:\/\/www.bartmaes.eu\/fr\/omega\/omega-vitamine-e-carotenes\/\"},\"author\":{\"name\":\"Bart Maes\",\"@id\":\"https:\/\/www.bartmaes.eu\/fr\/#\/schema\/person\/494aac885bbf4cdfe56659fdabd4e59a\"},\"headline\":\"Jamais om\u00e9ga 3 et om\u00e9ga 6 sans vitamine E et carot\u00e8nes\",\"datePublished\":\"2017-07-16T07:01:13+00:00\",\"dateModified\":\"2021-10-29T07:07:04+00:00\",\"mainEntityOfPage\":{\"@id\":\"https:\/\/www.bartmaes.eu\/fr\/omega\/omega-vitamine-e-carotenes\/\"},\"wordCount\":1539,\"commentCount\":0,\"publisher\":{\"@id\":\"https:\/\/www.bartmaes.eu\/fr\/#\/schema\/person\/494aac885bbf4cdfe56659fdabd4e59a\"},\"keywords\":[\"huile om\u00e9ga\"],\"articleSection\":[\"Om\u00e9ga\"],\"inLanguage\":\"fr-FR\",\"potentialAction\":[{\"@type\":\"CommentAction\",\"name\":\"Comment\",\"target\":[\"https:\/\/www.bartmaes.eu\/fr\/omega\/omega-vitamine-e-carotenes\/#respond\"]}]},{\"@type\":\"WebPage\",\"@id\":\"https:\/\/www.bartmaes.eu\/fr\/omega\/omega-vitamine-e-carotenes\/\",\"url\":\"https:\/\/www.bartmaes.eu\/fr\/omega\/omega-vitamine-e-carotenes\/\",\"name\":\"Jamais om\u00e9ga 3 et om\u00e9ga 6 sans vitamine E et carot\u00e8nes\",\"isPartOf\":{\"@id\":\"https:\/\/www.bartmaes.eu\/fr\/#website\"},\"datePublished\":\"2017-07-16T07:01:13+00:00\",\"dateModified\":\"2021-10-29T07:07:04+00:00\",\"description\":\"La vitamine E et les carot\u00e8nes sont n\u00e9cessaires pour les om\u00e9ga 3 et les om\u00e9ga 6. Prenez de l'huile d'om\u00e9ga 3 et d'om\u00e9ga 6 avec de la vitamine E et des carot\u00e8nes, ceux-ci sont n\u00e9cessaires.\",\"breadcrumb\":{\"@id\":\"https:\/\/www.bartmaes.eu\/fr\/omega\/omega-vitamine-e-carotenes\/#breadcrumb\"},\"inLanguage\":\"fr-FR\",\"potentialAction\":[{\"@type\":\"ReadAction\",\"target\":[\"https:\/\/www.bartmaes.eu\/fr\/omega\/omega-vitamine-e-carotenes\/\"]}]},{\"@type\":\"BreadcrumbList\",\"@id\":\"https:\/\/www.bartmaes.eu\/fr\/omega\/omega-vitamine-e-carotenes\/#breadcrumb\",\"itemListElement\":[{\"@type\":\"ListItem\",\"position\":1,\"name\":\"Home\",\"item\":\"https:\/\/www.bartmaes.eu\/fr\/\"},{\"@type\":\"ListItem\",\"position\":2,\"name\":\"Jamais om\u00e9ga 3 et om\u00e9ga 6 sans vitamine E et carot\u00e8nes\"}]},{\"@type\":\"WebSite\",\"@id\":\"https:\/\/www.bartmaes.eu\/fr\/#website\",\"url\":\"https:\/\/www.bartmaes.eu\/fr\/\",\"name\":\"Bart Maes\",\"description\":\"Freedom of Health\",\"publisher\":{\"@id\":\"https:\/\/www.bartmaes.eu\/fr\/#\/schema\/person\/494aac885bbf4cdfe56659fdabd4e59a\"},\"potentialAction\":[{\"@type\":\"SearchAction\",\"target\":{\"@type\":\"EntryPoint\",\"urlTemplate\":\"https:\/\/www.bartmaes.eu\/fr\/?s={search_term_string}\"},\"query-input\":\"required name=search_term_string\"}],\"inLanguage\":\"fr-FR\"},{\"@type\":[\"Person\",\"Organization\"],\"@id\":\"https:\/\/www.bartmaes.eu\/fr\/#\/schema\/person\/494aac885bbf4cdfe56659fdabd4e59a\",\"name\":\"Bart Maes\",\"image\":{\"@type\":\"ImageObject\",\"inLanguage\":\"fr-FR\",\"@id\":\"https:\/\/www.bartmaes.eu\/fr\/#\/schema\/person\/image\/\",\"url\":\"https:\/\/www.bartmaes.eu\/wp-content\/uploads\/2020\/09\/Bart-Maes-is-de-Bio-Veggie-Man.png\",\"contentUrl\":\"https:\/\/www.bartmaes.eu\/wp-content\/uploads\/2020\/09\/Bart-Maes-is-de-Bio-Veggie-Man.png\",\"width\":600,\"height\":800,\"caption\":\"Bart Maes\"},\"logo\":{\"@id\":\"https:\/\/www.bartmaes.eu\/fr\/#\/schema\/person\/image\/\"}}]}<\/script>\n<!-- \/ Yoast SEO plugin. -->","yoast_head_json":{"title":"Jamais om\u00e9ga 3 et om\u00e9ga 6 sans vitamine E et carot\u00e8nes","description":"La vitamine E et les carot\u00e8nes sont n\u00e9cessaires pour les om\u00e9ga 3 et les om\u00e9ga 6. Prenez de l'huile d'om\u00e9ga 3 et d'om\u00e9ga 6 avec de la vitamine E et des carot\u00e8nes, ceux-ci sont n\u00e9cessaires.","robots":{"index":"index","follow":"follow","max-snippet":"max-snippet:-1","max-image-preview":"max-image-preview:large","max-video-preview":"max-video-preview:-1"},"canonical":"https:\/\/www.bartmaes.eu\/fr\/omega\/omega-vitamine-e-carotenes\/","og_locale":"fr_FR","og_type":"article","og_title":"Jamais om\u00e9ga 3 et om\u00e9ga 6 sans vitamine E et carot\u00e8nes","og_description":"La vitamine E et les carot\u00e8nes sont n\u00e9cessaires pour les om\u00e9ga 3 et les om\u00e9ga 6. Prenez de l'huile d'om\u00e9ga 3 et d'om\u00e9ga 6 avec de la vitamine E et des carot\u00e8nes, ceux-ci sont n\u00e9cessaires.","og_url":"https:\/\/www.bartmaes.eu\/fr\/omega\/omega-vitamine-e-carotenes\/","og_site_name":"Bart Maes","article_published_time":"2017-07-16T07:01:13+00:00","article_modified_time":"2021-10-29T07:07:04+00:00","og_image":[{"width":960,"height":640,"url":"https:\/\/www.bartmaes.eu\/wp-content\/uploads\/2017\/07\/vitamine-e-omega-carotenen.jpg","type":"image\/jpeg"}],"author":"Bart Maes","twitter_card":"summary_large_image","schema":{"@context":"https:\/\/schema.org","@graph":[{"@type":"Article","@id":"https:\/\/www.bartmaes.eu\/fr\/omega\/omega-vitamine-e-carotenes\/#article","isPartOf":{"@id":"https:\/\/www.bartmaes.eu\/fr\/omega\/omega-vitamine-e-carotenes\/"},"author":{"name":"Bart Maes","@id":"https:\/\/www.bartmaes.eu\/fr\/#\/schema\/person\/494aac885bbf4cdfe56659fdabd4e59a"},"headline":"Jamais om\u00e9ga 3 et om\u00e9ga 6 sans vitamine E et carot\u00e8nes","datePublished":"2017-07-16T07:01:13+00:00","dateModified":"2021-10-29T07:07:04+00:00","mainEntityOfPage":{"@id":"https:\/\/www.bartmaes.eu\/fr\/omega\/omega-vitamine-e-carotenes\/"},"wordCount":1539,"commentCount":0,"publisher":{"@id":"https:\/\/www.bartmaes.eu\/fr\/#\/schema\/person\/494aac885bbf4cdfe56659fdabd4e59a"},"keywords":["huile om\u00e9ga"],"articleSection":["Om\u00e9ga"],"inLanguage":"fr-FR","potentialAction":[{"@type":"CommentAction","name":"Comment","target":["https:\/\/www.bartmaes.eu\/fr\/omega\/omega-vitamine-e-carotenes\/#respond"]}]},{"@type":"WebPage","@id":"https:\/\/www.bartmaes.eu\/fr\/omega\/omega-vitamine-e-carotenes\/","url":"https:\/\/www.bartmaes.eu\/fr\/omega\/omega-vitamine-e-carotenes\/","name":"Jamais om\u00e9ga 3 et om\u00e9ga 6 sans vitamine E et carot\u00e8nes","isPartOf":{"@id":"https:\/\/www.bartmaes.eu\/fr\/#website"},"datePublished":"2017-07-16T07:01:13+00:00","dateModified":"2021-10-29T07:07:04+00:00","description":"La vitamine E et les carot\u00e8nes sont n\u00e9cessaires pour les om\u00e9ga 3 et les om\u00e9ga 6. Prenez de l'huile d'om\u00e9ga 3 et d'om\u00e9ga 6 avec de la vitamine E et des carot\u00e8nes, ceux-ci sont n\u00e9cessaires.","breadcrumb":{"@id":"https:\/\/www.bartmaes.eu\/fr\/omega\/omega-vitamine-e-carotenes\/#breadcrumb"},"inLanguage":"fr-FR","potentialAction":[{"@type":"ReadAction","target":["https:\/\/www.bartmaes.eu\/fr\/omega\/omega-vitamine-e-carotenes\/"]}]},{"@type":"BreadcrumbList","@id":"https:\/\/www.bartmaes.eu\/fr\/omega\/omega-vitamine-e-carotenes\/#breadcrumb","itemListElement":[{"@type":"ListItem","position":1,"name":"Home","item":"https:\/\/www.bartmaes.eu\/fr\/"},{"@type":"ListItem","position":2,"name":"Jamais om\u00e9ga 3 et om\u00e9ga 6 sans vitamine E et carot\u00e8nes"}]},{"@type":"WebSite","@id":"https:\/\/www.bartmaes.eu\/fr\/#website","url":"https:\/\/www.bartmaes.eu\/fr\/","name":"Bart Maes","description":"Freedom of Health","publisher":{"@id":"https:\/\/www.bartmaes.eu\/fr\/#\/schema\/person\/494aac885bbf4cdfe56659fdabd4e59a"},"potentialAction":[{"@type":"SearchAction","target":{"@type":"EntryPoint","urlTemplate":"https:\/\/www.bartmaes.eu\/fr\/?s={search_term_string}"},"query-input":"required name=search_term_string"}],"inLanguage":"fr-FR"},{"@type":["Person","Organization"],"@id":"https:\/\/www.bartmaes.eu\/fr\/#\/schema\/person\/494aac885bbf4cdfe56659fdabd4e59a","name":"Bart Maes","image":{"@type":"ImageObject","inLanguage":"fr-FR","@id":"https:\/\/www.bartmaes.eu\/fr\/#\/schema\/person\/image\/","url":"https:\/\/www.bartmaes.eu\/wp-content\/uploads\/2020\/09\/Bart-Maes-is-de-Bio-Veggie-Man.png","contentUrl":"https:\/\/www.bartmaes.eu\/wp-content\/uploads\/2020\/09\/Bart-Maes-is-de-Bio-Veggie-Man.png","width":600,"height":800,"caption":"Bart Maes"},"logo":{"@id":"https:\/\/www.bartmaes.eu\/fr\/#\/schema\/person\/image\/"}}]}},"_links":{"self":[{"href":"https:\/\/www.bartmaes.eu\/fr\/wp-json\/wp\/v2\/posts\/6417"}],"collection":[{"href":"https:\/\/www.bartmaes.eu\/fr\/wp-json\/wp\/v2\/posts"}],"about":[{"href":"https:\/\/www.bartmaes.eu\/fr\/wp-json\/wp\/v2\/types\/post"}],"author":[{"embeddable":true,"href":"https:\/\/www.bartmaes.eu\/fr\/wp-json\/wp\/v2\/users\/6"}],"replies":[{"embeddable":true,"href":"https:\/\/www.bartmaes.eu\/fr\/wp-json\/wp\/v2\/comments?post=6417"}],"version-history":[{"count":7,"href":"https:\/\/www.bartmaes.eu\/fr\/wp-json\/wp\/v2\/posts\/6417\/revisions"}],"predecessor-version":[{"id":6456,"href":"https:\/\/www.bartmaes.eu\/fr\/wp-json\/wp\/v2\/posts\/6417\/revisions\/6456"}],"wp:featuredmedia":[{"embeddable":true,"href":"https:\/\/www.bartmaes.eu\/fr\/wp-json\/wp\/v2\/media\/6421"}],"wp:attachment":[{"href":"https:\/\/www.bartmaes.eu\/fr\/wp-json\/wp\/v2\/media?parent=6417"}],"wp:term":[{"taxonomy":"category","embeddable":true,"href":"https:\/\/www.bartmaes.eu\/fr\/wp-json\/wp\/v2\/categories?post=6417"},{"taxonomy":"post_tag","embeddable":true,"href":"https:\/\/www.bartmaes.eu\/fr\/wp-json\/wp\/v2\/tags?post=6417"},{"taxonomy":"ads-targeting","embeddable":true,"href":"https:\/\/www.bartmaes.eu\/fr\/wp-json\/wp\/v2\/ads-targeting?post=6417"}],"curies":[{"name":"wp","href":"https:\/\/api.w.org\/{rel}","templated":true}]}}