{"id":5186,"date":"2020-11-06T11:48:44","date_gmt":"2020-11-06T10:48:44","guid":{"rendered":"https:\/\/www.bartmaes.eu\/general\/thym-blanc-considere-du-point-de-vue-medical\/"},"modified":"2020-11-06T13:54:38","modified_gmt":"2020-11-06T12:54:38","slug":"thym-blanc-considere-du-point-de-vue-medical","status":"publish","type":"post","link":"https:\/\/www.bartmaes.eu\/fr\/resistance-fr\/thym-blanc-considere-du-point-de-vue-medical\/","title":{"rendered":"Le thym blanc, le thym portugais, le thym espagnol, le sal verde d\u00e9signent tous de la m\u00eame plante. Point de vue m\u00e9dical"},"content":{"rendered":"&#13;\n<h2 class=\"wp-block-heading\">Le thym blanc consid\u00e9r\u00e9 du point de vue m\u00e9dical <\/h2>&#13;\n&#13;\n<p>Connue sous le nom de sel pur, cette petite plante vivace \u00e0 l&rsquo;ar\u00f4me fort et agr\u00e9able, est traditionnellement utilis\u00e9e comme digestif et expectorant. Elle s&#8217;emploie \u00e9galement en cas de bronchite, de grippe, de fi\u00e8vre et de rhume, en raison de ses propri\u00e9t\u00e9s antiseptiques et anti-inflammatoires. <\/p>&#13;\n&#13;\n<p>La composition des huiles essentielles de cette plante a fait l&rsquo;objet de plusieurs recherches scientifiques s\u00e9rieuses. Celle-ci poss\u00e8de des propri\u00e9t\u00e9s antiseptiques et anti-inflammatoires dans son ensemble. Son utilisation est tr\u00e8s r\u00e9pandue en aromath\u00e9rapie \u00e0 titre de relaxant, de d\u00e9sinfectant et de stimulateur du sommeil. <\/p>&#13;\n&#13;\n<p>Le thym blanc d\u00e9tient des propri\u00e9t\u00e9s relaxantes. Il combat la tension nerveuse et le stress, aide \u00e0 traiter le chagrin, et apporte paix et force. L&rsquo;huile essentielle extraite des feuilles est utilis\u00e9e en parfumerie, en bain de bouche et en m\u00e9decine. Le thym blanc am\u00e9liore la circulation sanguine et favorise ainsi l&rsquo;apport de nutriments et d&rsquo;oxyg\u00e8ne \u00e0 l&rsquo;organisme. <\/p>&#13;\n&#13;\n<p>Il est particuli\u00e8rement adapt\u00e9 aux douleurs musculaires et articulaires. Il contribue \u00e9galement \u00e0 soulager les rhumatismes, et se r\u00e9v\u00e8le tr\u00e8s utile pour les infections urinaires et intestinales. Il agit non seulement contre les maladies respiratoires, mais est \u00e9galement antibact\u00e9rien, anticatal, antifongique, anti-infection, sinusite, bronchite catarrhale, antiseptique, voies urinaires, antispasmodique, goutte, bact\u00e9ricide, d\u00e9congestionnant broncho-pulmonaire, bronchite, catarrhale et virale, catarrhe, toux, blocage, sinusite, formation de mucus, sympt\u00f4mes de stress, \u00e9quilibrant, harmonisant.<\/p>&#13;\n&#13;\n<h2 class=\"wp-block-heading\">Le thym blanc consid\u00e9r\u00e9 du point de vue m\u00e9dical en cas de probl\u00e8mes respiratoires (par exemple la Covid-19) <\/h2>&#13;\n&#13;\n<p>L&rsquo;huile essentielle extraite des feuilles est utilis\u00e9e en parfumerie, en bain de bouche et en m\u00e9decine. <\/p>&#13;\n&#13;\n<p>L&rsquo;huile essentielle de thym mastichina en inhalation soulage l&rsquo;asthme, les infections des sinus, les bronchites, les catarrhes. L&rsquo;huile stimule les muqueuses gr\u00e2ce \u00e0 sa forte teneur en cin\u00e9ol. L&rsquo;inhalation de vapeurs \u00e0 la suite d&rsquo;une infusion de feuilles contribue \u00e0 soulager les fosses nasales. La meilleure fa\u00e7on d&rsquo;utiliser l&rsquo;huile est de recourir \u00e0 un inhalateur. L&rsquo;huile essentielle de thym mastichina inhibe \u00e0 la fois les activit\u00e9s lipoxyg\u00e9nase et ac\u00e9tylcholinest\u00e9rase. Il peut \u00eatre utile dans le traitement des infections pulmonaires, par exemple dans le cas de la Covid-19. <\/p>&#13;\n&#13;\n<p><strong>Les vapeurs d&rsquo;huile de thym blanc contribuent \u00e9galement \u00e0 purifier les voies respiratoires. Selon Natural Standard, c&rsquo;est l&rsquo;une des plus anciennes utilisations de la m\u00e9decine traditionnelle pour le thym. <\/strong>L&rsquo;infusion de la boisson donne d&rsquo;excellents r\u00e9sultats contre le rhume et la grippe. L&rsquo;huile de thym blanc est utile pour combattre les infections bact\u00e9riennes et virales. L&rsquo;huile de thym agit comme un expectorant et aide \u00e0 \u00e9liminer le mucus des poumons et de la gorge. L&rsquo;inhalation de vapeurs \u00e0 la suite d&rsquo;une infusion de feuilles contribue \u00e0 soulager les fosses nasales. L&rsquo;huile est \u00e9galement un ingr\u00e9dient couramment utilis\u00e9 dans les pastilles que les gens utilisent pour combattre les maladies respiratoires et les quintes de toux.<\/p>&#13;\n&#13;\n<figure class=\"wp-block-image size-large\"><img decoding=\"async\" width=\"1024\" height=\"683\" class=\"wp-image-4959\" src=\"https:\/\/www.bartmaes.eu\/wp-content\/uploads\/2020\/10\/witte-tijm-1024x683.jpg\" alt=\"les nombreux noms du thym blanc\" srcset=\"https:\/\/www.bartmaes.eu\/wp-content\/uploads\/2020\/10\/witte-tijm-200x133.jpg 200w, https:\/\/www.bartmaes.eu\/wp-content\/uploads\/2020\/10\/witte-tijm-300x200.jpg 300w, https:\/\/www.bartmaes.eu\/wp-content\/uploads\/2020\/10\/witte-tijm-400x267.jpg 400w, https:\/\/www.bartmaes.eu\/wp-content\/uploads\/2020\/10\/witte-tijm-600x400.jpg 600w, https:\/\/www.bartmaes.eu\/wp-content\/uploads\/2020\/10\/witte-tijm-768x512.jpg 768w, https:\/\/www.bartmaes.eu\/wp-content\/uploads\/2020\/10\/witte-tijm-800x533.jpg 800w, https:\/\/www.bartmaes.eu\/wp-content\/uploads\/2020\/10\/witte-tijm-1024x683.jpg 1024w, https:\/\/www.bartmaes.eu\/wp-content\/uploads\/2020\/10\/witte-tijm.jpg 1200w\" sizes=\"(max-width: 1024px) 100vw, 1024px\" \/><figcaption>Magnifique thym clair, sel pur, amour de Dieu, marjolaine, marjolaine sauvage, tomilho Bela Luz, thym mastic, sal verde, sal puro, thym blanc, marjolaine d&rsquo;Espagne, Bela-Luz, thym d&rsquo;Espagne, thym Potuge, sel vert. Famille: lamiaceae (labiatae).<\/figcaption><\/figure>&#13;\n<h2 class=\"wp-block-heading\">Les nombreux noms du thym blanc, Famille : lamiaceae (labiatae) Nom scientifique : Thymus mastichina<\/h2>&#13;\n&#13;\n<p>Magnifique thym clair, sel pur, amour de Dieu, marjolaine, marjolaine sauvage, tomilho Bela Luz, thym mastic, sal verde, sal puro, thym blanc, marjolaine d&rsquo;Espagne, Bela-Luz, thym d&rsquo;Espagne, thym Potuge, sel vert. Famille: lamiaceae (labiatae).<\/p>&#13;\n&#13;\n<p>La v\u00e9ritable marjolaine, Origanum majorana, est d&rsquo;une composition chimique tout \u00e0 fait diff\u00e9rente. Ce nom est particuli\u00e8rement d\u00e9routant en ce sens que la plante n&rsquo;appartient pas \u00e0 la famille des \u00ab\u00a0origanum\u00a0\u00bb mais \u00e0 celle des \u00ab\u00a0thymus\u00a0\u00bb.<\/p>&#13;\n&#13;\n<blockquote class=\"wp-block-quote\">&#13;\n<p><strong>\u201cUnique dans le monde du thym et incomparablement sup\u00e9rieur. Le thym blanc est \u00e0 nous, le Sal Verde est portugais, \u00e7a vaut la peine de le savoir. \u201c<\/strong> Professeur en herboristerie, Prof. Jos\u00e9 Ribeiro Ljm.<\/p>&#13;\n<\/blockquote>&#13;\n&#13;\n<h2 class=\"wp-block-heading\">Composants actifs de l&rsquo;huile essentielle de thymus mastichina (thym blanc) : selon D. Stewart<\/h2>&#13;\n&#13;\n<figure class=\"wp-block-table\"><table><tbody><tr><td>Oxydes<\/td>&#13;\n<td>18 \u00e0 32 % (41 \u00e0 75% 1,8 cin\u00e9ole)<\/td>&#13;\n<td>relaxant<\/td>&#13;\n<\/tr><tr><td>Alcools<\/td>&#13;\n<td>18 \u00e0 32 %<\/td>&#13;\n<td>antiviral, antibact\u00e9rien, antiparasitaire, antifongique, antiviral<\/td>&#13;\n<\/tr><tr><td>Monoterp\u00e8nes<\/td>&#13;\n<td>10 &#8211; 13%<\/td>&#13;\n<td>antiseptique, r\u00e9gulateur de mucus, circulation sanguine<\/td>&#13;\n<\/tr><tr><td>Monoterp\u00e9nols<\/td>&#13;\n<td>10 &#8211; 20%<\/td>&#13;\n<td>Booster du syst\u00e8me immunitaire<\/td>&#13;\n<\/tr><tr><td>Ester<\/td>&#13;\n<td>3 \u00e0 7%<\/td>&#13;\n<td>odeur et go\u00fbt<\/td>&#13;\n<\/tr><tr><td>Sesquiterp\u00e8nes<\/td>&#13;\n<td>2 &#8211; 6%<\/td>&#13;\n<td>apaisant, abaissant la tension art\u00e9rielle, r\u00e9g\u00e9n\u00e9rant la peau, contre les crampes<\/td>&#13;\n<\/tr><tr><td>Ph\u00e9nols<\/td>&#13;\n<td>1 \u00e0 5 % (huile de thym)<\/td>&#13;\n<td>anti-inflammatoire et relaxant<\/td>&#13;\n<\/tr><tr><td>C\u00e9tones<\/td>&#13;\n<td>1 &#8211; 4%<\/td>&#13;\n<td>coupe-faim<\/td>&#13;\n<\/tr><\/tbody><\/table><\/figure>","protected":false},"excerpt":{"rendered":"<p>&#13; Le thym blanc consid\u00e9r\u00e9 du point de vue m\u00e9dical &#13; &#13; Connue sous le nom de sel pur, cette [&hellip;]<\/p>\n","protected":false},"author":6,"featured_media":4955,"comment_status":"closed","ping_status":"closed","sticky":false,"template":"","format":"standard","meta":{"footnotes":""},"categories":[934],"tags":[936,1074,1076,1078,1075,1077],"ads-targeting":[1067],"yoast_head":"<!-- This site is optimized with the Yoast SEO plugin v19.13 - https:\/\/yoast.com\/wordpress\/plugins\/seo\/ -->\n<title>Sal verde ou thym blanc consid\u00e9r\u00e9 du point de vue m\u00e9dical (thymus mastichina)<\/title>\n<meta name=\"description\" content=\"Quelles substances actives trouve-t-on dans le thym blanc \u00e9galement appel\u00e9 thymus mastichina, mucolytique, purifiant respiratoire, infections pulmonaires, etc. Covid-19...\" \/>\n<meta name=\"robots\" content=\"index, follow, max-snippet:-1, max-image-preview:large, max-video-preview:-1\" \/>\n<link rel=\"canonical\" href=\"https:\/\/www.bartmaes.eu\/fr\/resistance-fr\/thym-blanc-considere-du-point-de-vue-medical\/\" \/>\n<meta property=\"og:locale\" content=\"fr_FR\" \/>\n<meta property=\"og:type\" content=\"article\" \/>\n<meta property=\"og:title\" content=\"Sal verde ou thym blanc consid\u00e9r\u00e9 du point de vue m\u00e9dical (thymus mastichina)\" \/>\n<meta property=\"og:description\" content=\"Quelles substances actives trouve-t-on dans le thym blanc \u00e9galement appel\u00e9 thymus mastichina, mucolytique, purifiant respiratoire, infections pulmonaires, etc. Covid-19...\" \/>\n<meta property=\"og:url\" content=\"https:\/\/www.bartmaes.eu\/fr\/resistance-fr\/thym-blanc-considere-du-point-de-vue-medical\/\" \/>\n<meta property=\"og:site_name\" content=\"Bart Maes\" \/>\n<meta property=\"article:published_time\" content=\"2020-11-06T10:48:44+00:00\" \/>\n<meta property=\"article:modified_time\" content=\"2020-11-06T12:54:38+00:00\" \/>\n<meta property=\"og:image\" content=\"https:\/\/www.bartmaes.eu\/wp-content\/uploads\/2020\/10\/witte-tijm-gedroogd.jpg\" \/>\n\t<meta property=\"og:image:width\" content=\"1015\" \/>\n\t<meta property=\"og:image:height\" content=\"1200\" \/>\n\t<meta property=\"og:image:type\" content=\"image\/jpeg\" \/>\n<meta name=\"author\" content=\"Bart Maes\" \/>\n<meta name=\"twitter:card\" content=\"summary_large_image\" \/>\n<script type=\"application\/ld+json\" class=\"yoast-schema-graph\">{\"@context\":\"https:\/\/schema.org\",\"@graph\":[{\"@type\":\"Article\",\"@id\":\"https:\/\/www.bartmaes.eu\/fr\/resistance-fr\/thym-blanc-considere-du-point-de-vue-medical\/#article\",\"isPartOf\":{\"@id\":\"https:\/\/www.bartmaes.eu\/fr\/resistance-fr\/thym-blanc-considere-du-point-de-vue-medical\/\"},\"author\":{\"name\":\"Bart Maes\",\"@id\":\"https:\/\/www.bartmaes.eu\/fr\/#\/schema\/person\/494aac885bbf4cdfe56659fdabd4e59a\"},\"headline\":\"Le thym blanc, le thym portugais, le thym espagnol, le sal verde d\u00e9signent tous de la m\u00eame plante. Point de vue m\u00e9dical\",\"datePublished\":\"2020-11-06T10:48:44+00:00\",\"dateModified\":\"2020-11-06T12:54:38+00:00\",\"mainEntityOfPage\":{\"@id\":\"https:\/\/www.bartmaes.eu\/fr\/resistance-fr\/thym-blanc-considere-du-point-de-vue-medical\/\"},\"wordCount\":747,\"publisher\":{\"@id\":\"https:\/\/www.bartmaes.eu\/fr\/#\/schema\/person\/494aac885bbf4cdfe56659fdabd4e59a\"},\"keywords\":[\"covid-19\",\"infection pulmonaire\",\"sal verde\",\"Thym blanc\",\"Thym portugais\",\"thymus mastichina\"],\"articleSection\":[\"R\u00e9sistance et Covid-19\"],\"inLanguage\":\"fr-FR\"},{\"@type\":\"WebPage\",\"@id\":\"https:\/\/www.bartmaes.eu\/fr\/resistance-fr\/thym-blanc-considere-du-point-de-vue-medical\/\",\"url\":\"https:\/\/www.bartmaes.eu\/fr\/resistance-fr\/thym-blanc-considere-du-point-de-vue-medical\/\",\"name\":\"Sal verde ou thym blanc consid\u00e9r\u00e9 du point de vue m\u00e9dical (thymus mastichina)\",\"isPartOf\":{\"@id\":\"https:\/\/www.bartmaes.eu\/fr\/#website\"},\"datePublished\":\"2020-11-06T10:48:44+00:00\",\"dateModified\":\"2020-11-06T12:54:38+00:00\",\"description\":\"Quelles substances actives trouve-t-on dans le thym blanc \u00e9galement appel\u00e9 thymus mastichina, mucolytique, purifiant respiratoire, infections pulmonaires, etc. Covid-19...\",\"breadcrumb\":{\"@id\":\"https:\/\/www.bartmaes.eu\/fr\/resistance-fr\/thym-blanc-considere-du-point-de-vue-medical\/#breadcrumb\"},\"inLanguage\":\"fr-FR\",\"potentialAction\":[{\"@type\":\"ReadAction\",\"target\":[\"https:\/\/www.bartmaes.eu\/fr\/resistance-fr\/thym-blanc-considere-du-point-de-vue-medical\/\"]}]},{\"@type\":\"BreadcrumbList\",\"@id\":\"https:\/\/www.bartmaes.eu\/fr\/resistance-fr\/thym-blanc-considere-du-point-de-vue-medical\/#breadcrumb\",\"itemListElement\":[{\"@type\":\"ListItem\",\"position\":1,\"name\":\"Home\",\"item\":\"https:\/\/www.bartmaes.eu\/fr\/\"},{\"@type\":\"ListItem\",\"position\":2,\"name\":\"Le thym blanc, le thym portugais, le thym espagnol, le sal verde d\u00e9signent tous de la m\u00eame plante. Point de vue m\u00e9dical\"}]},{\"@type\":\"WebSite\",\"@id\":\"https:\/\/www.bartmaes.eu\/fr\/#website\",\"url\":\"https:\/\/www.bartmaes.eu\/fr\/\",\"name\":\"Bart Maes\",\"description\":\"Freedom of Health\",\"publisher\":{\"@id\":\"https:\/\/www.bartmaes.eu\/fr\/#\/schema\/person\/494aac885bbf4cdfe56659fdabd4e59a\"},\"potentialAction\":[{\"@type\":\"SearchAction\",\"target\":{\"@type\":\"EntryPoint\",\"urlTemplate\":\"https:\/\/www.bartmaes.eu\/fr\/?s={search_term_string}\"},\"query-input\":\"required name=search_term_string\"}],\"inLanguage\":\"fr-FR\"},{\"@type\":[\"Person\",\"Organization\"],\"@id\":\"https:\/\/www.bartmaes.eu\/fr\/#\/schema\/person\/494aac885bbf4cdfe56659fdabd4e59a\",\"name\":\"Bart Maes\",\"image\":{\"@type\":\"ImageObject\",\"inLanguage\":\"fr-FR\",\"@id\":\"https:\/\/www.bartmaes.eu\/fr\/#\/schema\/person\/image\/\",\"url\":\"https:\/\/www.bartmaes.eu\/wp-content\/uploads\/2020\/09\/Bart-Maes-is-de-Bio-Veggie-Man.png\",\"contentUrl\":\"https:\/\/www.bartmaes.eu\/wp-content\/uploads\/2020\/09\/Bart-Maes-is-de-Bio-Veggie-Man.png\",\"width\":600,\"height\":800,\"caption\":\"Bart Maes\"},\"logo\":{\"@id\":\"https:\/\/www.bartmaes.eu\/fr\/#\/schema\/person\/image\/\"}}]}<\/script>\n<!-- \/ Yoast SEO plugin. -->","yoast_head_json":{"title":"Sal verde ou thym blanc consid\u00e9r\u00e9 du point de vue m\u00e9dical (thymus mastichina)","description":"Quelles substances actives trouve-t-on dans le thym blanc \u00e9galement appel\u00e9 thymus mastichina, mucolytique, purifiant respiratoire, infections pulmonaires, etc. Covid-19...","robots":{"index":"index","follow":"follow","max-snippet":"max-snippet:-1","max-image-preview":"max-image-preview:large","max-video-preview":"max-video-preview:-1"},"canonical":"https:\/\/www.bartmaes.eu\/fr\/resistance-fr\/thym-blanc-considere-du-point-de-vue-medical\/","og_locale":"fr_FR","og_type":"article","og_title":"Sal verde ou thym blanc consid\u00e9r\u00e9 du point de vue m\u00e9dical (thymus mastichina)","og_description":"Quelles substances actives trouve-t-on dans le thym blanc \u00e9galement appel\u00e9 thymus mastichina, mucolytique, purifiant respiratoire, infections pulmonaires, etc. Covid-19...","og_url":"https:\/\/www.bartmaes.eu\/fr\/resistance-fr\/thym-blanc-considere-du-point-de-vue-medical\/","og_site_name":"Bart Maes","article_published_time":"2020-11-06T10:48:44+00:00","article_modified_time":"2020-11-06T12:54:38+00:00","og_image":[{"width":1015,"height":1200,"url":"https:\/\/www.bartmaes.eu\/wp-content\/uploads\/2020\/10\/witte-tijm-gedroogd.jpg","type":"image\/jpeg"}],"author":"Bart Maes","twitter_card":"summary_large_image","schema":{"@context":"https:\/\/schema.org","@graph":[{"@type":"Article","@id":"https:\/\/www.bartmaes.eu\/fr\/resistance-fr\/thym-blanc-considere-du-point-de-vue-medical\/#article","isPartOf":{"@id":"https:\/\/www.bartmaes.eu\/fr\/resistance-fr\/thym-blanc-considere-du-point-de-vue-medical\/"},"author":{"name":"Bart Maes","@id":"https:\/\/www.bartmaes.eu\/fr\/#\/schema\/person\/494aac885bbf4cdfe56659fdabd4e59a"},"headline":"Le thym blanc, le thym portugais, le thym espagnol, le sal verde d\u00e9signent tous de la m\u00eame plante. Point de vue m\u00e9dical","datePublished":"2020-11-06T10:48:44+00:00","dateModified":"2020-11-06T12:54:38+00:00","mainEntityOfPage":{"@id":"https:\/\/www.bartmaes.eu\/fr\/resistance-fr\/thym-blanc-considere-du-point-de-vue-medical\/"},"wordCount":747,"publisher":{"@id":"https:\/\/www.bartmaes.eu\/fr\/#\/schema\/person\/494aac885bbf4cdfe56659fdabd4e59a"},"keywords":["covid-19","infection pulmonaire","sal verde","Thym blanc","Thym portugais","thymus mastichina"],"articleSection":["R\u00e9sistance et Covid-19"],"inLanguage":"fr-FR"},{"@type":"WebPage","@id":"https:\/\/www.bartmaes.eu\/fr\/resistance-fr\/thym-blanc-considere-du-point-de-vue-medical\/","url":"https:\/\/www.bartmaes.eu\/fr\/resistance-fr\/thym-blanc-considere-du-point-de-vue-medical\/","name":"Sal verde ou thym blanc consid\u00e9r\u00e9 du point de vue m\u00e9dical (thymus mastichina)","isPartOf":{"@id":"https:\/\/www.bartmaes.eu\/fr\/#website"},"datePublished":"2020-11-06T10:48:44+00:00","dateModified":"2020-11-06T12:54:38+00:00","description":"Quelles substances actives trouve-t-on dans le thym blanc \u00e9galement appel\u00e9 thymus mastichina, mucolytique, purifiant respiratoire, infections pulmonaires, etc. Covid-19...","breadcrumb":{"@id":"https:\/\/www.bartmaes.eu\/fr\/resistance-fr\/thym-blanc-considere-du-point-de-vue-medical\/#breadcrumb"},"inLanguage":"fr-FR","potentialAction":[{"@type":"ReadAction","target":["https:\/\/www.bartmaes.eu\/fr\/resistance-fr\/thym-blanc-considere-du-point-de-vue-medical\/"]}]},{"@type":"BreadcrumbList","@id":"https:\/\/www.bartmaes.eu\/fr\/resistance-fr\/thym-blanc-considere-du-point-de-vue-medical\/#breadcrumb","itemListElement":[{"@type":"ListItem","position":1,"name":"Home","item":"https:\/\/www.bartmaes.eu\/fr\/"},{"@type":"ListItem","position":2,"name":"Le thym blanc, le thym portugais, le thym espagnol, le sal verde d\u00e9signent tous de la m\u00eame plante. Point de vue m\u00e9dical"}]},{"@type":"WebSite","@id":"https:\/\/www.bartmaes.eu\/fr\/#website","url":"https:\/\/www.bartmaes.eu\/fr\/","name":"Bart Maes","description":"Freedom of Health","publisher":{"@id":"https:\/\/www.bartmaes.eu\/fr\/#\/schema\/person\/494aac885bbf4cdfe56659fdabd4e59a"},"potentialAction":[{"@type":"SearchAction","target":{"@type":"EntryPoint","urlTemplate":"https:\/\/www.bartmaes.eu\/fr\/?s={search_term_string}"},"query-input":"required name=search_term_string"}],"inLanguage":"fr-FR"},{"@type":["Person","Organization"],"@id":"https:\/\/www.bartmaes.eu\/fr\/#\/schema\/person\/494aac885bbf4cdfe56659fdabd4e59a","name":"Bart Maes","image":{"@type":"ImageObject","inLanguage":"fr-FR","@id":"https:\/\/www.bartmaes.eu\/fr\/#\/schema\/person\/image\/","url":"https:\/\/www.bartmaes.eu\/wp-content\/uploads\/2020\/09\/Bart-Maes-is-de-Bio-Veggie-Man.png","contentUrl":"https:\/\/www.bartmaes.eu\/wp-content\/uploads\/2020\/09\/Bart-Maes-is-de-Bio-Veggie-Man.png","width":600,"height":800,"caption":"Bart Maes"},"logo":{"@id":"https:\/\/www.bartmaes.eu\/fr\/#\/schema\/person\/image\/"}}]}},"_links":{"self":[{"href":"https:\/\/www.bartmaes.eu\/fr\/wp-json\/wp\/v2\/posts\/5186"}],"collection":[{"href":"https:\/\/www.bartmaes.eu\/fr\/wp-json\/wp\/v2\/posts"}],"about":[{"href":"https:\/\/www.bartmaes.eu\/fr\/wp-json\/wp\/v2\/types\/post"}],"author":[{"embeddable":true,"href":"https:\/\/www.bartmaes.eu\/fr\/wp-json\/wp\/v2\/users\/6"}],"replies":[{"embeddable":true,"href":"https:\/\/www.bartmaes.eu\/fr\/wp-json\/wp\/v2\/comments?post=5186"}],"version-history":[{"count":3,"href":"https:\/\/www.bartmaes.eu\/fr\/wp-json\/wp\/v2\/posts\/5186\/revisions"}],"predecessor-version":[{"id":5194,"href":"https:\/\/www.bartmaes.eu\/fr\/wp-json\/wp\/v2\/posts\/5186\/revisions\/5194"}],"wp:featuredmedia":[{"embeddable":true,"href":"https:\/\/www.bartmaes.eu\/fr\/wp-json\/wp\/v2\/media\/4955"}],"wp:attachment":[{"href":"https:\/\/www.bartmaes.eu\/fr\/wp-json\/wp\/v2\/media?parent=5186"}],"wp:term":[{"taxonomy":"category","embeddable":true,"href":"https:\/\/www.bartmaes.eu\/fr\/wp-json\/wp\/v2\/categories?post=5186"},{"taxonomy":"post_tag","embeddable":true,"href":"https:\/\/www.bartmaes.eu\/fr\/wp-json\/wp\/v2\/tags?post=5186"},{"taxonomy":"ads-targeting","embeddable":true,"href":"https:\/\/www.bartmaes.eu\/fr\/wp-json\/wp\/v2\/ads-targeting?post=5186"}],"curies":[{"name":"wp","href":"https:\/\/api.w.org\/{rel}","templated":true}]}}