{"id":4226,"date":"2020-03-25T14:53:18","date_gmt":"2020-03-25T13:53:18","guid":{"rendered":"https:\/\/www.bartmaes.eu\/general\/les-chefs-ont-decouvert-lail-noir\/"},"modified":"2020-03-25T14:53:20","modified_gmt":"2020-03-25T13:53:20","slug":"les-chefs-ont-decouvert-lail-noir","status":"publish","type":"post","link":"https:\/\/www.bartmaes.eu\/fr\/ail-noir\/les-chefs-ont-decouvert-lail-noir\/","title":{"rendered":"Les chefs ont d\u00e9couvert l&rsquo;ail noir"},"content":{"rendered":"\n<div class=\"wp-block-image\"><figure class=\"aligncenter size-large\"><img decoding=\"async\" width=\"1024\" height=\"683\" src=\"https:\/\/www.bartmaes.eu\/wp-content\/uploads\/2020\/03\/Horeca-en-zwarte-look-1024x683.jpg\" alt=\"Les chefs ont d\u00e9couvert l'ail noir\" class=\"wp-image-4040\" srcset=\"https:\/\/www.bartmaes.eu\/wp-content\/uploads\/2020\/03\/Horeca-en-zwarte-look-200x133.jpg 200w, https:\/\/www.bartmaes.eu\/wp-content\/uploads\/2020\/03\/Horeca-en-zwarte-look-300x200.jpg 300w, https:\/\/www.bartmaes.eu\/wp-content\/uploads\/2020\/03\/Horeca-en-zwarte-look-400x267.jpg 400w, https:\/\/www.bartmaes.eu\/wp-content\/uploads\/2020\/03\/Horeca-en-zwarte-look-600x400.jpg 600w, https:\/\/www.bartmaes.eu\/wp-content\/uploads\/2020\/03\/Horeca-en-zwarte-look-768x512.jpg 768w, https:\/\/www.bartmaes.eu\/wp-content\/uploads\/2020\/03\/Horeca-en-zwarte-look-800x533.jpg 800w, https:\/\/www.bartmaes.eu\/wp-content\/uploads\/2020\/03\/Horeca-en-zwarte-look-1024x683.jpg 1024w, https:\/\/www.bartmaes.eu\/wp-content\/uploads\/2020\/03\/Horeca-en-zwarte-look.jpg 1200w\" sizes=\"(max-width: 1024px) 100vw, 1024px\" \/><figcaption> 10 mani\u00e8res d&rsquo;utiliser l&rsquo;ail ferment\u00e9 ? Plats et recettes avec de l&rsquo;ail noir.<\/figcaption><\/figure><\/div>\n\n<p><strong>Profitez des avantages de l&rsquo;ail ferment\u00e9 sans l&rsquo;odeur de l&rsquo;ail et un go\u00fbt plus riche. <\/strong><\/p>\n\n<p>L&rsquo;ail noir, \u00e9galement appel\u00e9 ail ferment\u00e9, donne une saveur douce et intense \u00e0 vos plats. Il n&rsquo;a plus ni odeur d&rsquo;ail, ni go\u00fbt vif d&rsquo;ail cru. L&rsquo;ail noir est id\u00e9al pour le risotto, la soupe et les p\u00e2tes. Les plats offrent une saveur plus profonde. Il est d\u00e9licieux dans toutes sortes de pur\u00e9es et de rago\u00fbts. Les sauces telles que la vinaigrette \u00e0 l&rsquo;ail noir sont saines et d\u00e9licieuses. La couleur noire contribue \u00e9galement \u00e0 l&rsquo;aspect visuel des plats culinaires. Certains disent que les recettes v\u00e9g\u00e9tariennes ont ce go\u00fbt umami. <\/p>\n\n<h2 class=\"wp-block-heading\">Comment utilisez-vous cet ail noir, doux et sans odeur en cuisine ? <\/h2>\n\n<p>Les possibilit\u00e9s sont infinies. Une petite cuill\u00e8re dans la pur\u00e9e de pommes de terre ou de carottes. Pour accompagner le chou-fleur et les choux de Bruxelles &#8230; <\/p>\n\n<p>10 mani\u00e8res d&rsquo;utiliser l&rsquo;ail ferment\u00e9 ? Plats et recettes avec de l&rsquo;ail noir <\/p>\n\n<ol>\n<li>En vinaigrettes, salsas et marinades<\/li>\n<li>Dans les dips<\/li>\n<li>Ajoutez aux soupes<\/li>\n<li>Dans un shot<\/li>\n<li>Comme en-cas<\/li>\n<li>Sur une bruschetta<\/li>\n<li>Dans les sauces pour p\u00e2tes<\/li>\n<li>M\u00e9lang\u00e9 dans une pur\u00e9e de pommes de terre (ou d&rsquo;autres pur\u00e9es)<\/li>\n<li>Ajoutez au houmous<\/li>\n<li>Incorpor\u00e9 \u00e0 du k\u00e9fir, kombucha, vinaigre de cidre de pomme<\/li>\n<\/ol>","protected":false},"excerpt":{"rendered":"<p>Profitez des avantages de l&rsquo;ail ferment\u00e9 sans l&rsquo;odeur de l&rsquo;ail et un go\u00fbt plus riche. L&rsquo;ail noir, \u00e9galement appel\u00e9 ail [&hellip;]<\/p>\n","protected":false},"author":6,"featured_media":4040,"comment_status":"closed","ping_status":"closed","sticky":false,"template":"","format":"standard","meta":{"footnotes":""},"categories":[612],"tags":[613,695,694,693],"ads-targeting":[985],"yoast_head":"<!-- This site is optimized with the Yoast SEO plugin v19.13 - https:\/\/yoast.com\/wordpress\/plugins\/seo\/ -->\n<title>Comment les chefs utilisent-ils l&#039;ail noir en cuisine ? - Bart Maes<\/title>\n<meta name=\"description\" content=\"Des recettes avec de l&#039;ail ferment\u00e9 ? D\u00e9couvrez-les pour un go\u00fbt profond sans l&#039;odeur d&#039;ail. Le chef d\u00e9couvre les pur\u00e9es ...\" \/>\n<meta name=\"robots\" content=\"index, follow, max-snippet:-1, max-image-preview:large, max-video-preview:-1\" \/>\n<link rel=\"canonical\" href=\"https:\/\/www.bartmaes.eu\/fr\/ail-noir\/les-chefs-ont-decouvert-lail-noir\/\" \/>\n<meta property=\"og:locale\" content=\"fr_FR\" \/>\n<meta property=\"og:type\" content=\"article\" \/>\n<meta property=\"og:title\" content=\"Comment les chefs utilisent-ils l&#039;ail noir en cuisine ? - Bart Maes\" \/>\n<meta property=\"og:description\" content=\"Des recettes avec de l&#039;ail ferment\u00e9 ? D\u00e9couvrez-les pour un go\u00fbt profond sans l&#039;odeur d&#039;ail. Le chef d\u00e9couvre les pur\u00e9es ...\" \/>\n<meta property=\"og:url\" content=\"https:\/\/www.bartmaes.eu\/fr\/ail-noir\/les-chefs-ont-decouvert-lail-noir\/\" \/>\n<meta property=\"og:site_name\" content=\"Bart Maes\" \/>\n<meta property=\"article:published_time\" content=\"2020-03-25T13:53:18+00:00\" \/>\n<meta property=\"article:modified_time\" content=\"2020-03-25T13:53:20+00:00\" \/>\n<meta property=\"og:image\" content=\"https:\/\/www.bartmaes.eu\/wp-content\/uploads\/2020\/03\/Horeca-en-zwarte-look.jpg\" \/>\n\t<meta property=\"og:image:width\" content=\"1200\" \/>\n\t<meta property=\"og:image:height\" content=\"800\" \/>\n\t<meta property=\"og:image:type\" content=\"image\/jpeg\" \/>\n<meta name=\"author\" content=\"Bart Maes\" \/>\n<meta name=\"twitter:card\" content=\"summary_large_image\" \/>\n<script type=\"application\/ld+json\" class=\"yoast-schema-graph\">{\"@context\":\"https:\/\/schema.org\",\"@graph\":[{\"@type\":\"Article\",\"@id\":\"https:\/\/www.bartmaes.eu\/fr\/ail-noir\/les-chefs-ont-decouvert-lail-noir\/#article\",\"isPartOf\":{\"@id\":\"https:\/\/www.bartmaes.eu\/fr\/ail-noir\/les-chefs-ont-decouvert-lail-noir\/\"},\"author\":{\"name\":\"Bart Maes\",\"@id\":\"https:\/\/www.bartmaes.eu\/fr\/#\/schema\/person\/494aac885bbf4cdfe56659fdabd4e59a\"},\"headline\":\"Les chefs ont d\u00e9couvert l&rsquo;ail noir\",\"datePublished\":\"2020-03-25T13:53:18+00:00\",\"dateModified\":\"2020-03-25T13:53:20+00:00\",\"mainEntityOfPage\":{\"@id\":\"https:\/\/www.bartmaes.eu\/fr\/ail-noir\/les-chefs-ont-decouvert-lail-noir\/\"},\"wordCount\":236,\"publisher\":{\"@id\":\"https:\/\/www.bartmaes.eu\/fr\/#\/schema\/person\/494aac885bbf4cdfe56659fdabd4e59a\"},\"keywords\":[\"ail noir\",\"chefs et ail noir\",\"comment utiliser l'ail noir\",\"sans odeur\"],\"articleSection\":[\"Ail noir\"],\"inLanguage\":\"fr-FR\"},{\"@type\":\"WebPage\",\"@id\":\"https:\/\/www.bartmaes.eu\/fr\/ail-noir\/les-chefs-ont-decouvert-lail-noir\/\",\"url\":\"https:\/\/www.bartmaes.eu\/fr\/ail-noir\/les-chefs-ont-decouvert-lail-noir\/\",\"name\":\"Comment les chefs utilisent-ils l'ail noir en cuisine ? - Bart Maes\",\"isPartOf\":{\"@id\":\"https:\/\/www.bartmaes.eu\/fr\/#website\"},\"datePublished\":\"2020-03-25T13:53:18+00:00\",\"dateModified\":\"2020-03-25T13:53:20+00:00\",\"description\":\"Des recettes avec de l'ail ferment\u00e9 ? D\u00e9couvrez-les pour un go\u00fbt profond sans l'odeur d'ail. Le chef d\u00e9couvre les pur\u00e9es ...\",\"breadcrumb\":{\"@id\":\"https:\/\/www.bartmaes.eu\/fr\/ail-noir\/les-chefs-ont-decouvert-lail-noir\/#breadcrumb\"},\"inLanguage\":\"fr-FR\",\"potentialAction\":[{\"@type\":\"ReadAction\",\"target\":[\"https:\/\/www.bartmaes.eu\/fr\/ail-noir\/les-chefs-ont-decouvert-lail-noir\/\"]}]},{\"@type\":\"BreadcrumbList\",\"@id\":\"https:\/\/www.bartmaes.eu\/fr\/ail-noir\/les-chefs-ont-decouvert-lail-noir\/#breadcrumb\",\"itemListElement\":[{\"@type\":\"ListItem\",\"position\":1,\"name\":\"Home\",\"item\":\"https:\/\/www.bartmaes.eu\/fr\/\"},{\"@type\":\"ListItem\",\"position\":2,\"name\":\"Les chefs ont d\u00e9couvert l&#8217;ail noir\"}]},{\"@type\":\"WebSite\",\"@id\":\"https:\/\/www.bartmaes.eu\/fr\/#website\",\"url\":\"https:\/\/www.bartmaes.eu\/fr\/\",\"name\":\"Bart Maes\",\"description\":\"Freedom of Health\",\"publisher\":{\"@id\":\"https:\/\/www.bartmaes.eu\/fr\/#\/schema\/person\/494aac885bbf4cdfe56659fdabd4e59a\"},\"potentialAction\":[{\"@type\":\"SearchAction\",\"target\":{\"@type\":\"EntryPoint\",\"urlTemplate\":\"https:\/\/www.bartmaes.eu\/fr\/?s={search_term_string}\"},\"query-input\":\"required name=search_term_string\"}],\"inLanguage\":\"fr-FR\"},{\"@type\":[\"Person\",\"Organization\"],\"@id\":\"https:\/\/www.bartmaes.eu\/fr\/#\/schema\/person\/494aac885bbf4cdfe56659fdabd4e59a\",\"name\":\"Bart Maes\",\"image\":{\"@type\":\"ImageObject\",\"inLanguage\":\"fr-FR\",\"@id\":\"https:\/\/www.bartmaes.eu\/fr\/#\/schema\/person\/image\/\",\"url\":\"https:\/\/www.bartmaes.eu\/wp-content\/uploads\/2020\/09\/Bart-Maes-is-de-Bio-Veggie-Man.png\",\"contentUrl\":\"https:\/\/www.bartmaes.eu\/wp-content\/uploads\/2020\/09\/Bart-Maes-is-de-Bio-Veggie-Man.png\",\"width\":600,\"height\":800,\"caption\":\"Bart Maes\"},\"logo\":{\"@id\":\"https:\/\/www.bartmaes.eu\/fr\/#\/schema\/person\/image\/\"}}]}<\/script>\n<!-- \/ Yoast SEO plugin. -->","yoast_head_json":{"title":"Comment les chefs utilisent-ils l'ail noir en cuisine ? - Bart Maes","description":"Des recettes avec de l'ail ferment\u00e9 ? D\u00e9couvrez-les pour un go\u00fbt profond sans l'odeur d'ail. Le chef d\u00e9couvre les pur\u00e9es ...","robots":{"index":"index","follow":"follow","max-snippet":"max-snippet:-1","max-image-preview":"max-image-preview:large","max-video-preview":"max-video-preview:-1"},"canonical":"https:\/\/www.bartmaes.eu\/fr\/ail-noir\/les-chefs-ont-decouvert-lail-noir\/","og_locale":"fr_FR","og_type":"article","og_title":"Comment les chefs utilisent-ils l'ail noir en cuisine ? - Bart Maes","og_description":"Des recettes avec de l'ail ferment\u00e9 ? D\u00e9couvrez-les pour un go\u00fbt profond sans l'odeur d'ail. Le chef d\u00e9couvre les pur\u00e9es ...","og_url":"https:\/\/www.bartmaes.eu\/fr\/ail-noir\/les-chefs-ont-decouvert-lail-noir\/","og_site_name":"Bart Maes","article_published_time":"2020-03-25T13:53:18+00:00","article_modified_time":"2020-03-25T13:53:20+00:00","og_image":[{"width":1200,"height":800,"url":"https:\/\/www.bartmaes.eu\/wp-content\/uploads\/2020\/03\/Horeca-en-zwarte-look.jpg","type":"image\/jpeg"}],"author":"Bart Maes","twitter_card":"summary_large_image","schema":{"@context":"https:\/\/schema.org","@graph":[{"@type":"Article","@id":"https:\/\/www.bartmaes.eu\/fr\/ail-noir\/les-chefs-ont-decouvert-lail-noir\/#article","isPartOf":{"@id":"https:\/\/www.bartmaes.eu\/fr\/ail-noir\/les-chefs-ont-decouvert-lail-noir\/"},"author":{"name":"Bart Maes","@id":"https:\/\/www.bartmaes.eu\/fr\/#\/schema\/person\/494aac885bbf4cdfe56659fdabd4e59a"},"headline":"Les chefs ont d\u00e9couvert l&rsquo;ail noir","datePublished":"2020-03-25T13:53:18+00:00","dateModified":"2020-03-25T13:53:20+00:00","mainEntityOfPage":{"@id":"https:\/\/www.bartmaes.eu\/fr\/ail-noir\/les-chefs-ont-decouvert-lail-noir\/"},"wordCount":236,"publisher":{"@id":"https:\/\/www.bartmaes.eu\/fr\/#\/schema\/person\/494aac885bbf4cdfe56659fdabd4e59a"},"keywords":["ail noir","chefs et ail noir","comment utiliser l'ail noir","sans odeur"],"articleSection":["Ail noir"],"inLanguage":"fr-FR"},{"@type":"WebPage","@id":"https:\/\/www.bartmaes.eu\/fr\/ail-noir\/les-chefs-ont-decouvert-lail-noir\/","url":"https:\/\/www.bartmaes.eu\/fr\/ail-noir\/les-chefs-ont-decouvert-lail-noir\/","name":"Comment les chefs utilisent-ils l'ail noir en cuisine ? - Bart Maes","isPartOf":{"@id":"https:\/\/www.bartmaes.eu\/fr\/#website"},"datePublished":"2020-03-25T13:53:18+00:00","dateModified":"2020-03-25T13:53:20+00:00","description":"Des recettes avec de l'ail ferment\u00e9 ? D\u00e9couvrez-les pour un go\u00fbt profond sans l'odeur d'ail. Le chef d\u00e9couvre les pur\u00e9es ...","breadcrumb":{"@id":"https:\/\/www.bartmaes.eu\/fr\/ail-noir\/les-chefs-ont-decouvert-lail-noir\/#breadcrumb"},"inLanguage":"fr-FR","potentialAction":[{"@type":"ReadAction","target":["https:\/\/www.bartmaes.eu\/fr\/ail-noir\/les-chefs-ont-decouvert-lail-noir\/"]}]},{"@type":"BreadcrumbList","@id":"https:\/\/www.bartmaes.eu\/fr\/ail-noir\/les-chefs-ont-decouvert-lail-noir\/#breadcrumb","itemListElement":[{"@type":"ListItem","position":1,"name":"Home","item":"https:\/\/www.bartmaes.eu\/fr\/"},{"@type":"ListItem","position":2,"name":"Les chefs ont d\u00e9couvert l&#8217;ail noir"}]},{"@type":"WebSite","@id":"https:\/\/www.bartmaes.eu\/fr\/#website","url":"https:\/\/www.bartmaes.eu\/fr\/","name":"Bart Maes","description":"Freedom of Health","publisher":{"@id":"https:\/\/www.bartmaes.eu\/fr\/#\/schema\/person\/494aac885bbf4cdfe56659fdabd4e59a"},"potentialAction":[{"@type":"SearchAction","target":{"@type":"EntryPoint","urlTemplate":"https:\/\/www.bartmaes.eu\/fr\/?s={search_term_string}"},"query-input":"required name=search_term_string"}],"inLanguage":"fr-FR"},{"@type":["Person","Organization"],"@id":"https:\/\/www.bartmaes.eu\/fr\/#\/schema\/person\/494aac885bbf4cdfe56659fdabd4e59a","name":"Bart Maes","image":{"@type":"ImageObject","inLanguage":"fr-FR","@id":"https:\/\/www.bartmaes.eu\/fr\/#\/schema\/person\/image\/","url":"https:\/\/www.bartmaes.eu\/wp-content\/uploads\/2020\/09\/Bart-Maes-is-de-Bio-Veggie-Man.png","contentUrl":"https:\/\/www.bartmaes.eu\/wp-content\/uploads\/2020\/09\/Bart-Maes-is-de-Bio-Veggie-Man.png","width":600,"height":800,"caption":"Bart Maes"},"logo":{"@id":"https:\/\/www.bartmaes.eu\/fr\/#\/schema\/person\/image\/"}}]}},"_links":{"self":[{"href":"https:\/\/www.bartmaes.eu\/fr\/wp-json\/wp\/v2\/posts\/4226"}],"collection":[{"href":"https:\/\/www.bartmaes.eu\/fr\/wp-json\/wp\/v2\/posts"}],"about":[{"href":"https:\/\/www.bartmaes.eu\/fr\/wp-json\/wp\/v2\/types\/post"}],"author":[{"embeddable":true,"href":"https:\/\/www.bartmaes.eu\/fr\/wp-json\/wp\/v2\/users\/6"}],"replies":[{"embeddable":true,"href":"https:\/\/www.bartmaes.eu\/fr\/wp-json\/wp\/v2\/comments?post=4226"}],"version-history":[{"count":0,"href":"https:\/\/www.bartmaes.eu\/fr\/wp-json\/wp\/v2\/posts\/4226\/revisions"}],"wp:featuredmedia":[{"embeddable":true,"href":"https:\/\/www.bartmaes.eu\/fr\/wp-json\/wp\/v2\/media\/4040"}],"wp:attachment":[{"href":"https:\/\/www.bartmaes.eu\/fr\/wp-json\/wp\/v2\/media?parent=4226"}],"wp:term":[{"taxonomy":"category","embeddable":true,"href":"https:\/\/www.bartmaes.eu\/fr\/wp-json\/wp\/v2\/categories?post=4226"},{"taxonomy":"post_tag","embeddable":true,"href":"https:\/\/www.bartmaes.eu\/fr\/wp-json\/wp\/v2\/tags?post=4226"},{"taxonomy":"ads-targeting","embeddable":true,"href":"https:\/\/www.bartmaes.eu\/fr\/wp-json\/wp\/v2\/ads-targeting?post=4226"}],"curies":[{"name":"wp","href":"https:\/\/api.w.org\/{rel}","templated":true}]}}