{"id":4218,"date":"2020-03-25T14:53:00","date_gmt":"2020-03-25T13:53:00","guid":{"rendered":"https:\/\/www.bartmaes.eu\/general\/dose-therapeutique-dail-fermente\/"},"modified":"2020-03-25T14:53:02","modified_gmt":"2020-03-25T13:53:02","slug":"dose-therapeutique-dail-fermente","status":"publish","type":"post","link":"https:\/\/www.bartmaes.eu\/fr\/ail-noir\/dose-therapeutique-dail-fermente\/","title":{"rendered":"Quelle est la dose th\u00e9rapeutique d&rsquo;ail ferment\u00e9 ?"},"content":{"rendered":"\n<div class=\"wp-block-image\"><figure class=\"aligncenter size-large\"><img decoding=\"async\" width=\"1024\" height=\"683\" src=\"https:\/\/www.bartmaes.eu\/wp-content\/uploads\/2020\/03\/Gesneden-zwarte-look-1024x683.jpg\" alt=\"1 \u00e0 2 grammes par jour d'ail vieilli est bon et peut servir de dose th\u00e9rapeutique.\" class=\"wp-image-4076\" srcset=\"https:\/\/www.bartmaes.eu\/wp-content\/uploads\/2020\/03\/Gesneden-zwarte-look-200x133.jpg 200w, https:\/\/www.bartmaes.eu\/wp-content\/uploads\/2020\/03\/Gesneden-zwarte-look-300x200.jpg 300w, https:\/\/www.bartmaes.eu\/wp-content\/uploads\/2020\/03\/Gesneden-zwarte-look-400x267.jpg 400w, https:\/\/www.bartmaes.eu\/wp-content\/uploads\/2020\/03\/Gesneden-zwarte-look-600x400.jpg 600w, https:\/\/www.bartmaes.eu\/wp-content\/uploads\/2020\/03\/Gesneden-zwarte-look-768x512.jpg 768w, https:\/\/www.bartmaes.eu\/wp-content\/uploads\/2020\/03\/Gesneden-zwarte-look-800x533.jpg 800w, https:\/\/www.bartmaes.eu\/wp-content\/uploads\/2020\/03\/Gesneden-zwarte-look-1024x683.jpg 1024w, https:\/\/www.bartmaes.eu\/wp-content\/uploads\/2020\/03\/Gesneden-zwarte-look.jpg 1200w\" sizes=\"(max-width: 1024px) 100vw, 1024px\" \/><figcaption><strong>Quelle quantit\u00e9 d&rsquo;extrait d&rsquo;ail vieilli ou d&rsquo;ail noir peut \u00eatre utilis\u00e9e \u00e0 des fins th\u00e9rapeutiques ? <\/strong> <\/figcaption><\/figure><\/div>\n\n<p><strong>Quelle quantit\u00e9 d&rsquo;extrait d&rsquo;ail vieilli ou d&rsquo;ail noir peut \u00eatre utilis\u00e9e \u00e0 des fins th\u00e9rapeutiques ? <\/strong><\/p>\n\n<p>De nombreuses \u00e9tudes et tests scientifiques ont \u00e9t\u00e9 r\u00e9alis\u00e9s avec 1 \u00e0 2 grammes d&rsquo;ail ferment\u00e9 par jour et sur de longues p\u00e9riodes de 6 mois \u00e0 2 ans. <\/p>\n\n<p>Ne faites pas d&rsquo;erreur. Choisissez uniquement de l&rsquo;ail ferment\u00e9 biologique. Cela n&rsquo;a gu\u00e8re de sens de choisir un bon produit qui nous impose des pesticides, comme l&rsquo;ail non biologique. Optez pour le biologique. <\/p>\n\n<p>Une \u00e9tude men\u00e9e en double aveugle avec 1,2 gramme d&rsquo;ail ferment\u00e9 pendant 1 an a permis de montrer une r\u00e9duction de 65% la plaque (moins d&rsquo;art\u00e9rioscl\u00e9rose). On a \u00e9galement remarqu\u00e9 que le fait d&rsquo;avoir les mains et les pieds froids \u00e9tait consid\u00e9rablement r\u00e9duit, en raison d&rsquo;une circulation sanguine plus forte. <\/p>\n\n<p>1 \u00e0 2 grammes par jour est en un mot bon et peut servir de dose th\u00e9rapeutique. En consomm\u00e9 plus est possible ; il peut facilement \u00eatre pris sous forme de poudre, sous forme de p\u00e2tes ou comme une gousse d&rsquo;ail noir. <\/p>\n\n<p>1 \u00e0 2 grammes ont \u00e9t\u00e9 utilis\u00e9s avec succ\u00e8s pour les crampes au c\u0153ur, un c\u0153ur faible, l&rsquo;art\u00e9rioscl\u00e9rose, les palpitations, l&rsquo;essoufflement, la claudication intermittente, les troubles de la concentration et les varices. <\/p>\n\n<p>Conseil : l&rsquo;ail noir forme un duo en or avec le <a rel=\"noreferrer noopener\" aria-label=\"bamboezout (opent in een nieuwe tab)\" href=\"https:\/\/www.bartmaes.eu\/fr\/fichier\/sel-de-bambou\/\" target=\"_blank\">sel de bambou<\/a>. Il n&rsquo;existe peut-\u00eatre pas de duo plus efficace qui puisse \u00eatre utilis\u00e9 partout pour la sant\u00e9 en g\u00e9n\u00e9ral.<\/p>\n","protected":false},"excerpt":{"rendered":"<p>Quelle quantit\u00e9 d&rsquo;extrait d&rsquo;ail vieilli ou d&rsquo;ail noir peut \u00eatre utilis\u00e9e \u00e0 des fins th\u00e9rapeutiques ? De nombreuses \u00e9tudes et [&hellip;]<\/p>\n","protected":false},"author":6,"featured_media":4076,"comment_status":"closed","ping_status":"closed","sticky":false,"template":"","format":"standard","meta":{"footnotes":""},"categories":[612],"tags":[683,636,684],"ads-targeting":[985],"yoast_head":"<!-- This site is optimized with the Yoast SEO plugin v19.13 - https:\/\/yoast.com\/wordpress\/plugins\/seo\/ -->\n<title>Combien d&#039;ail vieilli utiliser \u00e0 des fins th\u00e9rapeutiques contre ... - FOH<\/title>\n<meta name=\"description\" content=\"De nombreuses \u00e9tudes utilisent 1 \u00e0 2 grammes d&#039;extrait d&#039;ail vieilli pour atteindre toutes sortes d&#039;objectifs de sant\u00e9. Moins d&#039;art\u00e9rioscl\u00e9rose, moins de mains froides. Ail bio...\" \/>\n<meta name=\"robots\" content=\"index, follow, max-snippet:-1, max-image-preview:large, max-video-preview:-1\" \/>\n<link rel=\"canonical\" href=\"https:\/\/www.bartmaes.eu\/fr\/ail-noir\/dose-therapeutique-dail-fermente\/\" \/>\n<meta property=\"og:locale\" content=\"fr_FR\" \/>\n<meta property=\"og:type\" content=\"article\" \/>\n<meta property=\"og:title\" content=\"Combien d&#039;ail vieilli utiliser \u00e0 des fins th\u00e9rapeutiques contre ... - FOH\" \/>\n<meta property=\"og:description\" content=\"De nombreuses \u00e9tudes utilisent 1 \u00e0 2 grammes d&#039;extrait d&#039;ail vieilli pour atteindre toutes sortes d&#039;objectifs de sant\u00e9. Moins d&#039;art\u00e9rioscl\u00e9rose, moins de mains froides. Ail bio...\" \/>\n<meta property=\"og:url\" content=\"https:\/\/www.bartmaes.eu\/fr\/ail-noir\/dose-therapeutique-dail-fermente\/\" \/>\n<meta property=\"og:site_name\" content=\"Bart Maes\" \/>\n<meta property=\"article:published_time\" content=\"2020-03-25T13:53:00+00:00\" \/>\n<meta property=\"article:modified_time\" content=\"2020-03-25T13:53:02+00:00\" \/>\n<meta property=\"og:image\" content=\"https:\/\/www.bartmaes.eu\/wp-content\/uploads\/2020\/03\/Gesneden-zwarte-look.jpg\" \/>\n\t<meta property=\"og:image:width\" content=\"1200\" \/>\n\t<meta property=\"og:image:height\" content=\"800\" \/>\n\t<meta property=\"og:image:type\" content=\"image\/jpeg\" \/>\n<meta name=\"author\" content=\"Bart Maes\" \/>\n<meta name=\"twitter:card\" content=\"summary_large_image\" \/>\n<script type=\"application\/ld+json\" class=\"yoast-schema-graph\">{\"@context\":\"https:\/\/schema.org\",\"@graph\":[{\"@type\":\"Article\",\"@id\":\"https:\/\/www.bartmaes.eu\/fr\/ail-noir\/dose-therapeutique-dail-fermente\/#article\",\"isPartOf\":{\"@id\":\"https:\/\/www.bartmaes.eu\/fr\/ail-noir\/dose-therapeutique-dail-fermente\/\"},\"author\":{\"name\":\"Bart Maes\",\"@id\":\"https:\/\/www.bartmaes.eu\/fr\/#\/schema\/person\/494aac885bbf4cdfe56659fdabd4e59a\"},\"headline\":\"Quelle est la dose th\u00e9rapeutique d&rsquo;ail ferment\u00e9 ?\",\"datePublished\":\"2020-03-25T13:53:00+00:00\",\"dateModified\":\"2020-03-25T13:53:02+00:00\",\"mainEntityOfPage\":{\"@id\":\"https:\/\/www.bartmaes.eu\/fr\/ail-noir\/dose-therapeutique-dail-fermente\/\"},\"wordCount\":262,\"publisher\":{\"@id\":\"https:\/\/www.bartmaes.eu\/fr\/#\/schema\/person\/494aac885bbf4cdfe56659fdabd4e59a\"},\"keywords\":[\"ail bio\",\"ail ferment\u00e9\",\"art\u00e9rioscl\u00e9rose\"],\"articleSection\":[\"Ail noir\"],\"inLanguage\":\"fr-FR\"},{\"@type\":\"WebPage\",\"@id\":\"https:\/\/www.bartmaes.eu\/fr\/ail-noir\/dose-therapeutique-dail-fermente\/\",\"url\":\"https:\/\/www.bartmaes.eu\/fr\/ail-noir\/dose-therapeutique-dail-fermente\/\",\"name\":\"Combien d'ail vieilli utiliser \u00e0 des fins th\u00e9rapeutiques contre ... - FOH\",\"isPartOf\":{\"@id\":\"https:\/\/www.bartmaes.eu\/fr\/#website\"},\"datePublished\":\"2020-03-25T13:53:00+00:00\",\"dateModified\":\"2020-03-25T13:53:02+00:00\",\"description\":\"De nombreuses \u00e9tudes utilisent 1 \u00e0 2 grammes d'extrait d'ail vieilli pour atteindre toutes sortes d'objectifs de sant\u00e9. Moins d'art\u00e9rioscl\u00e9rose, moins de mains froides. Ail bio...\",\"breadcrumb\":{\"@id\":\"https:\/\/www.bartmaes.eu\/fr\/ail-noir\/dose-therapeutique-dail-fermente\/#breadcrumb\"},\"inLanguage\":\"fr-FR\",\"potentialAction\":[{\"@type\":\"ReadAction\",\"target\":[\"https:\/\/www.bartmaes.eu\/fr\/ail-noir\/dose-therapeutique-dail-fermente\/\"]}]},{\"@type\":\"BreadcrumbList\",\"@id\":\"https:\/\/www.bartmaes.eu\/fr\/ail-noir\/dose-therapeutique-dail-fermente\/#breadcrumb\",\"itemListElement\":[{\"@type\":\"ListItem\",\"position\":1,\"name\":\"Home\",\"item\":\"https:\/\/www.bartmaes.eu\/fr\/\"},{\"@type\":\"ListItem\",\"position\":2,\"name\":\"Quelle est la dose th\u00e9rapeutique d&#8217;ail ferment\u00e9 ?\"}]},{\"@type\":\"WebSite\",\"@id\":\"https:\/\/www.bartmaes.eu\/fr\/#website\",\"url\":\"https:\/\/www.bartmaes.eu\/fr\/\",\"name\":\"Bart Maes\",\"description\":\"Freedom of Health\",\"publisher\":{\"@id\":\"https:\/\/www.bartmaes.eu\/fr\/#\/schema\/person\/494aac885bbf4cdfe56659fdabd4e59a\"},\"potentialAction\":[{\"@type\":\"SearchAction\",\"target\":{\"@type\":\"EntryPoint\",\"urlTemplate\":\"https:\/\/www.bartmaes.eu\/fr\/?s={search_term_string}\"},\"query-input\":\"required name=search_term_string\"}],\"inLanguage\":\"fr-FR\"},{\"@type\":[\"Person\",\"Organization\"],\"@id\":\"https:\/\/www.bartmaes.eu\/fr\/#\/schema\/person\/494aac885bbf4cdfe56659fdabd4e59a\",\"name\":\"Bart Maes\",\"image\":{\"@type\":\"ImageObject\",\"inLanguage\":\"fr-FR\",\"@id\":\"https:\/\/www.bartmaes.eu\/fr\/#\/schema\/person\/image\/\",\"url\":\"https:\/\/www.bartmaes.eu\/wp-content\/uploads\/2020\/09\/Bart-Maes-is-de-Bio-Veggie-Man.png\",\"contentUrl\":\"https:\/\/www.bartmaes.eu\/wp-content\/uploads\/2020\/09\/Bart-Maes-is-de-Bio-Veggie-Man.png\",\"width\":600,\"height\":800,\"caption\":\"Bart Maes\"},\"logo\":{\"@id\":\"https:\/\/www.bartmaes.eu\/fr\/#\/schema\/person\/image\/\"}}]}<\/script>\n<!-- \/ Yoast SEO plugin. -->","yoast_head_json":{"title":"Combien d'ail vieilli utiliser \u00e0 des fins th\u00e9rapeutiques contre ... - FOH","description":"De nombreuses \u00e9tudes utilisent 1 \u00e0 2 grammes d'extrait d'ail vieilli pour atteindre toutes sortes d'objectifs de sant\u00e9. Moins d'art\u00e9rioscl\u00e9rose, moins de mains froides. Ail bio...","robots":{"index":"index","follow":"follow","max-snippet":"max-snippet:-1","max-image-preview":"max-image-preview:large","max-video-preview":"max-video-preview:-1"},"canonical":"https:\/\/www.bartmaes.eu\/fr\/ail-noir\/dose-therapeutique-dail-fermente\/","og_locale":"fr_FR","og_type":"article","og_title":"Combien d'ail vieilli utiliser \u00e0 des fins th\u00e9rapeutiques contre ... - FOH","og_description":"De nombreuses \u00e9tudes utilisent 1 \u00e0 2 grammes d'extrait d'ail vieilli pour atteindre toutes sortes d'objectifs de sant\u00e9. Moins d'art\u00e9rioscl\u00e9rose, moins de mains froides. Ail bio...","og_url":"https:\/\/www.bartmaes.eu\/fr\/ail-noir\/dose-therapeutique-dail-fermente\/","og_site_name":"Bart Maes","article_published_time":"2020-03-25T13:53:00+00:00","article_modified_time":"2020-03-25T13:53:02+00:00","og_image":[{"width":1200,"height":800,"url":"https:\/\/www.bartmaes.eu\/wp-content\/uploads\/2020\/03\/Gesneden-zwarte-look.jpg","type":"image\/jpeg"}],"author":"Bart Maes","twitter_card":"summary_large_image","schema":{"@context":"https:\/\/schema.org","@graph":[{"@type":"Article","@id":"https:\/\/www.bartmaes.eu\/fr\/ail-noir\/dose-therapeutique-dail-fermente\/#article","isPartOf":{"@id":"https:\/\/www.bartmaes.eu\/fr\/ail-noir\/dose-therapeutique-dail-fermente\/"},"author":{"name":"Bart Maes","@id":"https:\/\/www.bartmaes.eu\/fr\/#\/schema\/person\/494aac885bbf4cdfe56659fdabd4e59a"},"headline":"Quelle est la dose th\u00e9rapeutique d&rsquo;ail ferment\u00e9 ?","datePublished":"2020-03-25T13:53:00+00:00","dateModified":"2020-03-25T13:53:02+00:00","mainEntityOfPage":{"@id":"https:\/\/www.bartmaes.eu\/fr\/ail-noir\/dose-therapeutique-dail-fermente\/"},"wordCount":262,"publisher":{"@id":"https:\/\/www.bartmaes.eu\/fr\/#\/schema\/person\/494aac885bbf4cdfe56659fdabd4e59a"},"keywords":["ail bio","ail ferment\u00e9","art\u00e9rioscl\u00e9rose"],"articleSection":["Ail noir"],"inLanguage":"fr-FR"},{"@type":"WebPage","@id":"https:\/\/www.bartmaes.eu\/fr\/ail-noir\/dose-therapeutique-dail-fermente\/","url":"https:\/\/www.bartmaes.eu\/fr\/ail-noir\/dose-therapeutique-dail-fermente\/","name":"Combien d'ail vieilli utiliser \u00e0 des fins th\u00e9rapeutiques contre ... - FOH","isPartOf":{"@id":"https:\/\/www.bartmaes.eu\/fr\/#website"},"datePublished":"2020-03-25T13:53:00+00:00","dateModified":"2020-03-25T13:53:02+00:00","description":"De nombreuses \u00e9tudes utilisent 1 \u00e0 2 grammes d'extrait d'ail vieilli pour atteindre toutes sortes d'objectifs de sant\u00e9. Moins d'art\u00e9rioscl\u00e9rose, moins de mains froides. Ail bio...","breadcrumb":{"@id":"https:\/\/www.bartmaes.eu\/fr\/ail-noir\/dose-therapeutique-dail-fermente\/#breadcrumb"},"inLanguage":"fr-FR","potentialAction":[{"@type":"ReadAction","target":["https:\/\/www.bartmaes.eu\/fr\/ail-noir\/dose-therapeutique-dail-fermente\/"]}]},{"@type":"BreadcrumbList","@id":"https:\/\/www.bartmaes.eu\/fr\/ail-noir\/dose-therapeutique-dail-fermente\/#breadcrumb","itemListElement":[{"@type":"ListItem","position":1,"name":"Home","item":"https:\/\/www.bartmaes.eu\/fr\/"},{"@type":"ListItem","position":2,"name":"Quelle est la dose th\u00e9rapeutique d&#8217;ail ferment\u00e9 ?"}]},{"@type":"WebSite","@id":"https:\/\/www.bartmaes.eu\/fr\/#website","url":"https:\/\/www.bartmaes.eu\/fr\/","name":"Bart Maes","description":"Freedom of Health","publisher":{"@id":"https:\/\/www.bartmaes.eu\/fr\/#\/schema\/person\/494aac885bbf4cdfe56659fdabd4e59a"},"potentialAction":[{"@type":"SearchAction","target":{"@type":"EntryPoint","urlTemplate":"https:\/\/www.bartmaes.eu\/fr\/?s={search_term_string}"},"query-input":"required name=search_term_string"}],"inLanguage":"fr-FR"},{"@type":["Person","Organization"],"@id":"https:\/\/www.bartmaes.eu\/fr\/#\/schema\/person\/494aac885bbf4cdfe56659fdabd4e59a","name":"Bart Maes","image":{"@type":"ImageObject","inLanguage":"fr-FR","@id":"https:\/\/www.bartmaes.eu\/fr\/#\/schema\/person\/image\/","url":"https:\/\/www.bartmaes.eu\/wp-content\/uploads\/2020\/09\/Bart-Maes-is-de-Bio-Veggie-Man.png","contentUrl":"https:\/\/www.bartmaes.eu\/wp-content\/uploads\/2020\/09\/Bart-Maes-is-de-Bio-Veggie-Man.png","width":600,"height":800,"caption":"Bart Maes"},"logo":{"@id":"https:\/\/www.bartmaes.eu\/fr\/#\/schema\/person\/image\/"}}]}},"_links":{"self":[{"href":"https:\/\/www.bartmaes.eu\/fr\/wp-json\/wp\/v2\/posts\/4218"}],"collection":[{"href":"https:\/\/www.bartmaes.eu\/fr\/wp-json\/wp\/v2\/posts"}],"about":[{"href":"https:\/\/www.bartmaes.eu\/fr\/wp-json\/wp\/v2\/types\/post"}],"author":[{"embeddable":true,"href":"https:\/\/www.bartmaes.eu\/fr\/wp-json\/wp\/v2\/users\/6"}],"replies":[{"embeddable":true,"href":"https:\/\/www.bartmaes.eu\/fr\/wp-json\/wp\/v2\/comments?post=4218"}],"version-history":[{"count":0,"href":"https:\/\/www.bartmaes.eu\/fr\/wp-json\/wp\/v2\/posts\/4218\/revisions"}],"wp:featuredmedia":[{"embeddable":true,"href":"https:\/\/www.bartmaes.eu\/fr\/wp-json\/wp\/v2\/media\/4076"}],"wp:attachment":[{"href":"https:\/\/www.bartmaes.eu\/fr\/wp-json\/wp\/v2\/media?parent=4218"}],"wp:term":[{"taxonomy":"category","embeddable":true,"href":"https:\/\/www.bartmaes.eu\/fr\/wp-json\/wp\/v2\/categories?post=4218"},{"taxonomy":"post_tag","embeddable":true,"href":"https:\/\/www.bartmaes.eu\/fr\/wp-json\/wp\/v2\/tags?post=4218"},{"taxonomy":"ads-targeting","embeddable":true,"href":"https:\/\/www.bartmaes.eu\/fr\/wp-json\/wp\/v2\/ads-targeting?post=4218"}],"curies":[{"name":"wp","href":"https:\/\/api.w.org\/{rel}","templated":true}]}}