{"id":3658,"date":"2019-11-08T11:18:18","date_gmt":"2019-11-08T10:18:18","guid":{"rendered":"https:\/\/www.bartmaes.eu\/?p=3658"},"modified":"2020-10-14T14:25:22","modified_gmt":"2020-10-14T12:25:22","slug":"anti-aging-alterserscheinungen-vorbeugen","status":"publish","type":"post","link":"https:\/\/www.bartmaes.eu\/de\/anti-aging-de\/anti-aging-alterserscheinungen-vorbeugen\/","title":{"rendered":"Anti-Aging? Alterserscheinungen vorbeugen?"},"content":{"rendered":"&#13;\n<p>Alterserscheinungen vorbeugen? Anti-Aging? Welchen Einfluss hat Vitamin D? Wie k\u00f6nnen wir unser Keratin und Kollagen sch\u00fctzen? Mit einem Anti-Aging-Serum ist ein Mini-Facelifting ohne Operation m\u00f6glich.<\/p>&#13;\n&#13;\n<figure class=\"wp-block-image\"><img decoding=\"async\" width=\"1024\" height=\"615\" class=\"wp-image-3624\" src=\"https:\/\/www.bartmaes.eu\/wp-content\/uploads\/2019\/11\/Gezonde-voeding-voor-eeuwige-jeugd-1024x615.jpg\" alt=\"gesundes Essen auf Schneidebrett f&#xFC;r die ewige Jugend\" srcset=\"https:\/\/www.bartmaes.eu\/wp-content\/uploads\/2019\/11\/Gezonde-voeding-voor-eeuwige-jeugd-200x120.jpg 200w, https:\/\/www.bartmaes.eu\/wp-content\/uploads\/2019\/11\/Gezonde-voeding-voor-eeuwige-jeugd-300x180.jpg 300w, https:\/\/www.bartmaes.eu\/wp-content\/uploads\/2019\/11\/Gezonde-voeding-voor-eeuwige-jeugd-400x240.jpg 400w, https:\/\/www.bartmaes.eu\/wp-content\/uploads\/2019\/11\/Gezonde-voeding-voor-eeuwige-jeugd-600x361.jpg 600w, https:\/\/www.bartmaes.eu\/wp-content\/uploads\/2019\/11\/Gezonde-voeding-voor-eeuwige-jeugd-768x461.jpg 768w, https:\/\/www.bartmaes.eu\/wp-content\/uploads\/2019\/11\/Gezonde-voeding-voor-eeuwige-jeugd-800x481.jpg 800w, https:\/\/www.bartmaes.eu\/wp-content\/uploads\/2019\/11\/Gezonde-voeding-voor-eeuwige-jeugd-1024x615.jpg 1024w, https:\/\/www.bartmaes.eu\/wp-content\/uploads\/2019\/11\/Gezonde-voeding-voor-eeuwige-jeugd.jpg 1200w\" sizes=\"(max-width: 1024px) 100vw, 1024px\" \/><figcaption>Gesundes Essen mit Obst, viel Gem\u00fcse und kompletten Proteinen f\u00fcr die ewige Jugend.<\/figcaption><\/figure>&#13;\n<h2 class=\"wp-block-heading\">Gesunde Ern\u00e4hrung f\u00fcr die ewige Jugend<\/h2>&#13;\n&#13;\n<blockquote class=\"wp-block-quote\">&#13;\n<p><p>&#8222;Sie m\u00fcssen Ihren K\u00f6rper und Geist mit gesunder Ern\u00e4hrung, Bewegung, Lebensstil und K\u00f6rperpflegeprodukte pflegen&#8220;, sagte Professor J. Blake von der Boston University. &#8222;Und in regelm\u00e4\u00dfigen Abst\u00e4nden m\u00fcssen wir unseren K\u00f6rper pflegen, wie wir es mit einem Auto oder unserem Haus tun.&#8220;<\/p><\/p>&#13;\n<\/blockquote>&#13;\n&#13;\n<p>M\u00f6glicherweise kennst du die Grundlagen einer gesunden Ern\u00e4hrung bereits. Etwas Obst und viel Gem\u00fcse. Vollwertiges Eiwei\u00df (wie Seitan), Vollkornprodukte, H\u00fclsenfr\u00fcchte, Samen, Kr\u00e4uter, N\u00fcsse, gesunde Fette (wie pflanzliches Omega-Fette , natives Kokos\u00f6l und natives Oliven\u00f6l extra), nat\u00fcrliches Mineralwasser aus artesischer Quelle und gesundes Salz (z. B. Koysansalz oder Bambussalz), Algen , etc. &#8230; Diese Dinge sind wichtige Komponenten f\u00fcr ein strahlendes Aussehen.<\/p>&#13;\n&#13;\n<h2 class=\"wp-block-heading\">Nat\u00fcrliches Mineralwasser in Flaschen f\u00fcr ein sch\u00f6nes Aussehen oder geht das auch mit Leitungswasser?<\/h2>&#13;\n&#13;\n<p>Das Trinken von viel nat\u00fcrlichem Mineralwasser aus Glasflaschen verhindert die Austrocknung der Haut, sorgt f\u00fcr einen klaren Kopf und daf\u00fcr, dass du dich tags\u00fcber vitalisiert f\u00fchlst &amp; warmen Temperaturen besser trotzen kannst.<\/p>&#13;\n&#13;\n<figure class=\"wp-block-image alignwide\"><img decoding=\"async\" width=\"742\" height=\"1024\" class=\"wp-image-3632\" src=\"https:\/\/www.bartmaes.eu\/wp-content\/uploads\/2019\/11\/Natuurlijk-mineraal-water-1-742x1024.jpg\" alt=\"1 kleine und 1 gro&#xDF;e Glasflasche mit nat&#xFC;rlichem Mineralwasser\" srcset=\"https:\/\/www.bartmaes.eu\/wp-content\/uploads\/2019\/11\/Natuurlijk-mineraal-water-1-200x276.jpg 200w, https:\/\/www.bartmaes.eu\/wp-content\/uploads\/2019\/11\/Natuurlijk-mineraal-water-1-217x300.jpg 217w, https:\/\/www.bartmaes.eu\/wp-content\/uploads\/2019\/11\/Natuurlijk-mineraal-water-1-400x552.jpg 400w, https:\/\/www.bartmaes.eu\/wp-content\/uploads\/2019\/11\/Natuurlijk-mineraal-water-1-600x829.jpg 600w, https:\/\/www.bartmaes.eu\/wp-content\/uploads\/2019\/11\/Natuurlijk-mineraal-water-1-742x1024.jpg 742w, https:\/\/www.bartmaes.eu\/wp-content\/uploads\/2019\/11\/Natuurlijk-mineraal-water-1-768x1061.jpg 768w, https:\/\/www.bartmaes.eu\/wp-content\/uploads\/2019\/11\/Natuurlijk-mineraal-water-1-800x1105.jpg 800w, https:\/\/www.bartmaes.eu\/wp-content\/uploads\/2019\/11\/Natuurlijk-mineraal-water-1.jpg 869w\" sizes=\"(max-width: 742px) 100vw, 742px\" \/><figcaption>Nat\u00fcrliches Mineralwasser aus Glasflaschen ist die beste Wahl f\u00fcr Ihren K\u00f6rper und Ihre Haut.<\/figcaption><\/figure>&#13;\n<p>Leitungswasser tut das nicht! Das Trinken von Leitungswasser wird von Experten empfohlen und hochgepriesen. Es sei viel billiger und ebenso gut. So viel billiger pro Liter ist richtig. Aber sei dir im Klaren, dass Leitungswasser nur noch wenig Gesundheit enth\u00e4lt. Leitungswasser ist industriell stark aufbereitetes Schmutzwasser. Es wird chemisch gefiltert und nur auf etwa 60 der 60.000 Chemikalien gepr\u00fcft, die in verschmutztem Wasser vorkommen k\u00f6nnen. Dann wird das Leitungswasser kilometerweit durch Rohre aller Art gepumpt, bis es sich schlussendlich durch unseren Wasserhahn biegt. Rohre aus Beton-Asbest, Blei, Kunststoff. Alles Stoffe, die dir nicht gut tun. Die Rohre und Biegungen werden zusammengeklebt &#8230; und um es mikrobiell \u201csauber\u201d zu halten werden Chemikalien hinzugef\u00fcgt. F\u00fcr deine allgemeine Gesundheit und deinen Darm nicht empfehlenswert. Bevorzuge lieber abgef\u00fclltes Quellwasser in Gasflaschen,  mit \u00f6kologisch nachhaltigem Pfandsystem. <\/p>&#13;\n&#13;\n<h2 class=\"wp-block-heading\"><p><strong>Lass deine Haut mit dem richtigen Anti-Aging Serum j\u00fcnger aussehen<\/strong><\/p><\/h2>&#13;\n&#13;\n<p>Anti-Aging f\u00fcr Gesicht, Hals und Dekollet\u00e9. Anti-Falten, Straffung, Revitalisierung und Lifting. Aktiviere deine Haut mit Pflegeprodukten aus \u00e4therischen \u00d6len mit hohem antioxidativen Effekt. Der antioxidative Effekt wirkt dem Altern entgegen.<\/p>&#13;\n&#13;\n<p>Einige \u00e4therische \u00d6le sind besonders stark in der Aufrechterhaltung eines jugendlichen &amp; frischen Teints. Dieser Anti-Aging-Effekt findet sich in den folgenden \u00d6len: Myrte, Basilikum, Rose, Salbei, Rosmarin, Sichuan, Thymian, Nelken, Oregano, Kurkuma und Zimt. Die antioxidative Kraft in diesen Stoffen ist um ein Vielfaches h\u00f6her als in jeglichem Vitamin oder jeder anderen Substanz. Wenige Tropfen als Serum sind hier bereits ausreichend. Antioxidative Serums, die diese \u00e4therischen \u00d6len enthalten verhindern au\u00dferdem die Pigmentierung und k\u00f6nnen sogar die Pigmentfleckenbildung zu reduzieren.<\/p>&#13;\n&#13;\n<figure class=\"wp-block-image\"><img decoding=\"async\" width=\"1024\" height=\"568\" class=\"wp-image-3640\" src=\"https:\/\/www.bartmaes.eu\/wp-content\/uploads\/2019\/11\/De-juiste-anti-aging-serum-1024x568.jpg\" alt=\"Gesicht, dessen Haut durch nat&#xFC;rliches Anti-Aging gesch&#xFC;tzt ist\" srcset=\"https:\/\/www.bartmaes.eu\/wp-content\/uploads\/2019\/11\/De-juiste-anti-aging-serum-200x111.jpg 200w, https:\/\/www.bartmaes.eu\/wp-content\/uploads\/2019\/11\/De-juiste-anti-aging-serum-300x167.jpg 300w, https:\/\/www.bartmaes.eu\/wp-content\/uploads\/2019\/11\/De-juiste-anti-aging-serum-400x222.jpg 400w, https:\/\/www.bartmaes.eu\/wp-content\/uploads\/2019\/11\/De-juiste-anti-aging-serum-600x333.jpg 600w, https:\/\/www.bartmaes.eu\/wp-content\/uploads\/2019\/11\/De-juiste-anti-aging-serum-768x426.jpg 768w, https:\/\/www.bartmaes.eu\/wp-content\/uploads\/2019\/11\/De-juiste-anti-aging-serum-800x444.jpg 800w, https:\/\/www.bartmaes.eu\/wp-content\/uploads\/2019\/11\/De-juiste-anti-aging-serum-1024x568.jpg 1024w, https:\/\/www.bartmaes.eu\/wp-content\/uploads\/2019\/11\/De-juiste-anti-aging-serum.jpg 1200w\" sizes=\"(max-width: 1024px) 100vw, 1024px\" \/><figcaption>Nat\u00fcrliche Anti-Aging-Pflegeprodukte unterst\u00fctzen die Produktion von Kollagen und Keratin.<\/figcaption><\/figure>&#13;\n<h2 class=\"wp-block-heading\"><p>Sch\u00fctze das Kollagen und Keratin deiner Haut mit einem Anti-Aging-Serum aus \u00e4therischen \u00d6len.<\/p><\/h2>&#13;\n&#13;\n<p>Iss gesund; Gesundes Trinken und Anti-Aging-Pflegeprodukte unterst\u00fctzen die Produktion von Kollagen und Keratin und sch\u00fctzen vor allem die Strukturelemente von Kollagen und Keratin.<\/p>&#13;\n&#13;\n<p>\u00c4therische \u00d6le in seltenen Pflegeprodukten haben eine sehr sch\u00fctzende Wirkung auf Kollagen und Keratin. Infolgedessen beh\u00e4lt die Haut ihre Geschmeidigkeit und es besteht nur eine geringe Wahrscheinlichkeit, dass F\u00e4ltchen zu tiefen Falten werden. Diese seltenen Pflegeprodukte verhindern, dass glatte Haut kleine F\u00e4ltchen bildet. Kollagen und Keratin sind Faserproteine, die dein K\u00f6rper selbst produziert und f\u00fcr eine strahlende &amp; jugendliche Haut wichtig sind. Wenn Kollagen oder Keratin durch Sonne, Trockenheit, Umweltverschmutzung und Altern zu schnell oxidiert, b\u00fc\u00dft deine Haut an Geschmeidigkeit ein und verliert ihre Elastizit\u00e4t. Das Ergebnis ist eine ledrige Haut, die mit zunehmendem Alter d\u00fcnner wird.<\/p>&#13;\n&#13;\n<figure class=\"wp-block-image\"><img decoding=\"async\" width=\"1024\" height=\"636\" class=\"wp-image-3644\" src=\"https:\/\/www.bartmaes.eu\/wp-content\/uploads\/2019\/11\/Zon-voor-je-huid-1024x636.jpg\" alt=\"M&#xE4;dchen in der Sonne f&#xFC;r Vitamin D\" srcset=\"https:\/\/www.bartmaes.eu\/wp-content\/uploads\/2019\/11\/Zon-voor-je-huid-200x124.jpg 200w, https:\/\/www.bartmaes.eu\/wp-content\/uploads\/2019\/11\/Zon-voor-je-huid-300x186.jpg 300w, https:\/\/www.bartmaes.eu\/wp-content\/uploads\/2019\/11\/Zon-voor-je-huid-400x248.jpg 400w, https:\/\/www.bartmaes.eu\/wp-content\/uploads\/2019\/11\/Zon-voor-je-huid-600x373.jpg 600w, https:\/\/www.bartmaes.eu\/wp-content\/uploads\/2019\/11\/Zon-voor-je-huid-768x477.jpg 768w, https:\/\/www.bartmaes.eu\/wp-content\/uploads\/2019\/11\/Zon-voor-je-huid-800x497.jpg 800w, https:\/\/www.bartmaes.eu\/wp-content\/uploads\/2019\/11\/Zon-voor-je-huid-1024x636.jpg 1024w, https:\/\/www.bartmaes.eu\/wp-content\/uploads\/2019\/11\/Zon-voor-je-huid.jpg 1200w\" sizes=\"(max-width: 1024px) 100vw, 1024px\" \/><figcaption>Ohne Sonne keine gesunde Haut und kein gesundes Ich.<\/figcaption><\/figure>&#13;\n<h2 class=\"wp-block-heading\">Gib deinem Gesicht die Sonnenstrahlen, die es verdient. besser f\u00fcr dich Kallogen und Keratin<\/h2>&#13;\n&#13;\n<p>Die Medien vermitteln heutzutage den Eindruck, dass Sonnenstrahlen auf unserer Haut sch\u00e4dlich sind. Aber ohne das Licht der Sonne kann unsere Haut nicht leben. Ein Sonnenbrand soll nat\u00fcrlich immer vermieden werden. Deine Haut und dein Gesicht muss die M\u00f6glichkeit bekommen, um von Sonnenstrahlen sicher genie\u00dfen zu k\u00f6nnen. Mit Der Hilfe des Sonnenlichtes wird dein Gesicht und deine Haut wiederbelebt. Dein Gesicht braucht das Licht der Sonne f\u00fcr die Produktion und Pflege struktureller Hautbestandteile wie Kollagen und Keratin sowie f\u00fcr Vitamin D.<\/p>&#13;\n&#13;\n<p>Vitamin D wird f\u00fcr unsere Knochen, f\u00fcr (Sex-) Hormone sowie f\u00fcr eine strahlende Haut ben\u00f6tigt. Ohne Sonne keine gesunde Haut und auch kein gesundes Ich. Ein blasser, durchscheinender Teint ist kurz gesagt nicht gesund. Stelle sicher, dass dein Gesicht die pure Sonne aufnehmen kann und verzichte auf Cremes. Verwende nur wenig oder keine Pflegeprodukte mit Sonnenschutzfaktor. Gesichtspflegeprodukte auf Basis hochwertiger \u00d6le sind pflegend und sch\u00fctzend. Deine Gesichts- und Augenkontur wird es dir danken.<\/p>&#13;\n&#13;\n<h2 class=\"wp-block-heading\">Das \u00c4lterwerden und die Haut &#8211; entscheide dich f\u00fcr Hautpflegeprodukte ohne Wasser<\/h2>&#13;\n&#13;\n<p>Gib vorzeitiger Alterung keine Chance. Ungesunde Ern\u00e4hrung, Rauchen, chemische Kosmetik, Luftverschmutzung und Stress belasten unsere Haut. Alterswarzen, Nackenfibrome, Sonnenflecken, Leberflecken, Falten, verminderte Elastizit\u00e4t (schw\u00e4chere Haut) &amp; Hautkrebs. Bleib aufmerksam! <\/p>&#13;\n&#13;\n<p>Unterst\u00fctze deine Haut ohne unsinnige K\u00f6rperpflege. Vermeide K\u00f6rperpflegeprodukte mit Wasser als Inhaltsstoff. Diese sind meist sehr preiswert. Logisch, denn Leitungswasser ist sehr billig. Sowohl die billigsten als auch die teuersten Pflegeprodukte k\u00f6nnen zu 80 bis 97% mit Leitungswasser gef\u00fcllt sein. Wasser auf der Haut jedoch n\u00fctzt neben der Reinigung nicht viel. Im Gegenteil! Wasser trocknet die Haut aus und f\u00f6rdert somit das vorzeitige Altern.<\/p>&#13;\n&#13;\n<p>Jede Frau, die sich viel die H\u00e4nde w\u00e4scht und jeder Schwimmer kann dies best\u00e4tigen. Wasser trinken ist die Devise f\u00fcr sch\u00f6ne Haut. In K\u00f6rperpflegeprodukten enthaltenes Wasser ist f\u00fcr eine strahlende Haut katastrophal. Wasser auf der Haut hydratisiert nicht, es trocknet aus. Daran besteht kein Zweifel.<\/p>&#13;\n&#13;\n<h2 class=\"wp-block-heading\">Mini-Facelift ohne Operation? Ist ein \u00e4u\u00dferliches Liften die L\u00f6sung f\u00fcr das Altern?<\/h2>&#13;\n&#13;\n<p>Plastische Chirurgie &#8222;Ich denke dar\u00fcber nach&#8220;&#8220;Ich will nicht alt aussehen&#8220;, sagen sich die Frauen. &#8222;M\u00e4nner sind charmant, wenn sie \u00e4lter werden&#8220;, sagen die gleichen Frauen<\/p>&#13;\n&#13;\n<p>Viele Frauen beginnen ab dem 50. Lebensjahr, sich Fragen zu ihrem reifen Aussehen zu stellen. Stephanie Rochette, eine pers\u00f6nliche Imageberaterin in den Niederlanden, sagt:<\/p>&#13;\n&#13;\n<blockquote class=\"wp-block-quote\">&#13;\n<p>\u201eSei gl\u00fccklich mit den Erfahrungen, die du bereits im Leben gemacht hast und l\u00e4chle: Deine Ausdruck wird auch lachen!\u201c<\/p>&#13;\n<\/blockquote>&#13;\n&#13;\n<p>Eine sch\u00f6ne Frau ist eine Frau, die sich selbst akzeptiert, die Selbstvertrauen ausdr\u00fcckt. Das Gesicht liften k\u00f6nnte helfen, denkst du. Bei einer Gesichtschirurgie besteht jedoch die Gefahr, in einen Teufelskreis zu geraten. Mit einem Lifting siehst du mit etwas Gl\u00fcck j\u00fcnger aus. Ist richtig,  \u201aWenn Sie Gl\u00fcck haben\u2018 , werden Sie sich vor\u00fcbergehend besser f\u00fchlen. Aber du wirst schnell bemerken, dass es keine Harmonie zwischen dem Gesicht und dem Rest Ihres K\u00f6rpers gibt. Dein K\u00f6rper, der jetzt \u00e4lter aussieht als dein Gesicht.<\/p>&#13;\n&#13;\n<h2 class=\"wp-block-heading\">Entscheiden Sie sich f\u00fcr Gesichtspflegeprodukte ohne Chemikalien Mach den Rita Stiens-Test f\u00fcr sichere Kosmetik<\/h2>&#13;\n&#13;\n<p> Viele teure und billige Pflegeprodukte stecken voller Chemikalien. H\u00e4ufig machen die Wirkstoffe weniger als 5% des Serums oder des Gesichtsprodukts aus. Was nicht drin ist, ist mindestens so wichtig wie was drin ist. Vermeide Parabene (nachweislich krebserregend), Alkohol (trocknet aus und kann Haut reizen und), Steareth-2, Steareth-21, Propylenglykoldicaprat, Duftstoffe, EDTA, BHT, alle Arten von PEG\u2018s usw.<\/p>&#13;\n&#13;\n<div class=\"wp-block-image\">&#13;\n<figure class=\"aligncenter\"><img decoding=\"async\" width=\"636\" height=\"718\" class=\"wp-image-3648\" src=\"https:\/\/www.bartmaes.eu\/wp-content\/uploads\/2019\/11\/Rita-Stiens.jpg\" alt=\"Rita Stiens\" srcset=\"https:\/\/www.bartmaes.eu\/wp-content\/uploads\/2019\/11\/Rita-Stiens-200x226.jpg 200w, https:\/\/www.bartmaes.eu\/wp-content\/uploads\/2019\/11\/Rita-Stiens-266x300.jpg 266w, https:\/\/www.bartmaes.eu\/wp-content\/uploads\/2019\/11\/Rita-Stiens-400x452.jpg 400w, https:\/\/www.bartmaes.eu\/wp-content\/uploads\/2019\/11\/Rita-Stiens-600x677.jpg 600w, https:\/\/www.bartmaes.eu\/wp-content\/uploads\/2019\/11\/Rita-Stiens.jpg 636w\" sizes=\"(max-width: 636px) 100vw, 636px\" \/><figcaption>Rita Stiens<\/figcaption><\/figure><\/div>&#13;\n&#13;\n<p><p>Mach den Rita Stientest f\u00fcr sichere Kosmetik. Rita Stiens ist Journalistin und war w\u00e4hrend ihrer Karriere schockiert von teuren Kosmetika, die 95% Junk enthalten und die sie lieber nicht auf ihrer Haut auftragen wollte. Ihre Website \u00fcber sichere Kosmetik besteht in Englisch &amp; Franz\u00f6sisch. Anhand der Zutatenliste (INCI-Liste) kann man \u00fcberpr\u00fcfen, wie hautfreundlich das Pflegeprodukt ist. Franz\u00f6sisch: <a href=\"http:\/\/laveritesurlescosmetiques.com\" target=\"_blank\" rel=\"noopener noreferrer\">laveritesurlescosmetiques.com<\/a> Franz\u00f6sisch oder Englisch: <a href=\"http:\/\/www.thetruthaboutcosmetics.com\" target=\"_blank\" rel=\"noopener noreferrer\">www.thetruthaboutcosmetics.com<\/a><\/p><\/p>&#13;\n","protected":false},"excerpt":{"rendered":"<p>&#13; Alterserscheinungen vorbeugen? Anti-Aging? Welchen Einfluss hat Vitamin D? Wie k\u00f6nnen wir unser Keratin und Kollagen sch\u00fctzen? Mit einem Anti-Aging-Serum [&hellip;]<\/p>\n","protected":false},"author":6,"featured_media":3640,"comment_status":"closed","ping_status":"closed","sticky":false,"template":"","format":"standard","meta":{"footnotes":""},"categories":[1036],"tags":[1037,420,418,419],"ads-targeting":[1004,995,1002,977,991,988,993,1003,980],"yoast_head":"<!-- This site is optimized with the Yoast SEO plugin v19.13 - https:\/\/yoast.com\/wordpress\/plugins\/seo\/ -->\n<title>Mit einem Anti-Aging-Serum ist ein Mini-Facelifting ohne Operation m\u00f6glich. - Bart Maes<\/title>\n<meta name=\"description\" content=\"Wie k\u00f6nnen Sie die \u00e4u\u00dferen Alterserscheinungen (Anti-Aging) verhindern? Bedeutung der Ern\u00e4hrung? Antworten auf diese und weitere Fragen finden Sie hier.\" \/>\n<meta name=\"robots\" content=\"index, follow, max-snippet:-1, max-image-preview:large, max-video-preview:-1\" \/>\n<link rel=\"canonical\" href=\"https:\/\/www.bartmaes.eu\/de\/anti-aging-de\/anti-aging-alterserscheinungen-vorbeugen\/\" \/>\n<meta property=\"og:locale\" content=\"de_DE\" \/>\n<meta property=\"og:type\" content=\"article\" \/>\n<meta property=\"og:title\" content=\"Mit einem Anti-Aging-Serum ist ein Mini-Facelifting ohne Operation m\u00f6glich. - Bart Maes\" \/>\n<meta property=\"og:description\" content=\"Wie k\u00f6nnen Sie die \u00e4u\u00dferen Alterserscheinungen (Anti-Aging) verhindern? Bedeutung der Ern\u00e4hrung? Antworten auf diese und weitere Fragen finden Sie hier.\" \/>\n<meta property=\"og:url\" content=\"https:\/\/www.bartmaes.eu\/de\/anti-aging-de\/anti-aging-alterserscheinungen-vorbeugen\/\" \/>\n<meta property=\"og:site_name\" content=\"Bart Maes\" \/>\n<meta property=\"article:published_time\" content=\"2019-11-08T10:18:18+00:00\" \/>\n<meta property=\"article:modified_time\" content=\"2020-10-14T12:25:22+00:00\" \/>\n<meta property=\"og:image\" content=\"https:\/\/www.bartmaes.eu\/wp-content\/uploads\/2019\/11\/De-juiste-anti-aging-serum.jpg\" \/>\n\t<meta property=\"og:image:width\" content=\"1200\" \/>\n\t<meta property=\"og:image:height\" content=\"666\" \/>\n\t<meta property=\"og:image:type\" content=\"image\/jpeg\" \/>\n<meta name=\"author\" content=\"Bart Maes\" \/>\n<meta name=\"twitter:card\" content=\"summary_large_image\" \/>\n<script type=\"application\/ld+json\" class=\"yoast-schema-graph\">{\"@context\":\"https:\/\/schema.org\",\"@graph\":[{\"@type\":\"Article\",\"@id\":\"https:\/\/www.bartmaes.eu\/de\/anti-aging-de\/anti-aging-alterserscheinungen-vorbeugen\/#article\",\"isPartOf\":{\"@id\":\"https:\/\/www.bartmaes.eu\/de\/anti-aging-de\/anti-aging-alterserscheinungen-vorbeugen\/\"},\"author\":{\"name\":\"Bart Maes\",\"@id\":\"https:\/\/www.bartmaes.eu\/de\/#\/schema\/person\/494aac885bbf4cdfe56659fdabd4e59a\"},\"headline\":\"Anti-Aging? Alterserscheinungen vorbeugen?\",\"datePublished\":\"2019-11-08T10:18:18+00:00\",\"dateModified\":\"2020-10-14T12:25:22+00:00\",\"mainEntityOfPage\":{\"@id\":\"https:\/\/www.bartmaes.eu\/de\/anti-aging-de\/anti-aging-alterserscheinungen-vorbeugen\/\"},\"wordCount\":1337,\"publisher\":{\"@id\":\"https:\/\/www.bartmaes.eu\/de\/#\/schema\/person\/494aac885bbf4cdfe56659fdabd4e59a\"},\"keywords\":[\"Anti-Aging\",\"Anti-Aging-Serum\",\"Keratin\",\"Kollagen\"],\"articleSection\":[\"Anti-aging\"],\"inLanguage\":\"de\"},{\"@type\":\"WebPage\",\"@id\":\"https:\/\/www.bartmaes.eu\/de\/anti-aging-de\/anti-aging-alterserscheinungen-vorbeugen\/\",\"url\":\"https:\/\/www.bartmaes.eu\/de\/anti-aging-de\/anti-aging-alterserscheinungen-vorbeugen\/\",\"name\":\"Mit einem Anti-Aging-Serum ist ein Mini-Facelifting ohne Operation m\u00f6glich. - Bart Maes\",\"isPartOf\":{\"@id\":\"https:\/\/www.bartmaes.eu\/de\/#website\"},\"datePublished\":\"2019-11-08T10:18:18+00:00\",\"dateModified\":\"2020-10-14T12:25:22+00:00\",\"description\":\"Wie k\u00f6nnen Sie die \u00e4u\u00dferen Alterserscheinungen (Anti-Aging) verhindern? Bedeutung der Ern\u00e4hrung? Antworten auf diese und weitere Fragen finden Sie hier.\",\"breadcrumb\":{\"@id\":\"https:\/\/www.bartmaes.eu\/de\/anti-aging-de\/anti-aging-alterserscheinungen-vorbeugen\/#breadcrumb\"},\"inLanguage\":\"de\",\"potentialAction\":[{\"@type\":\"ReadAction\",\"target\":[\"https:\/\/www.bartmaes.eu\/de\/anti-aging-de\/anti-aging-alterserscheinungen-vorbeugen\/\"]}]},{\"@type\":\"BreadcrumbList\",\"@id\":\"https:\/\/www.bartmaes.eu\/de\/anti-aging-de\/anti-aging-alterserscheinungen-vorbeugen\/#breadcrumb\",\"itemListElement\":[{\"@type\":\"ListItem\",\"position\":1,\"name\":\"Home\",\"item\":\"https:\/\/www.bartmaes.eu\/de\/\"},{\"@type\":\"ListItem\",\"position\":2,\"name\":\"Anti-Aging? Alterserscheinungen vorbeugen?\"}]},{\"@type\":\"WebSite\",\"@id\":\"https:\/\/www.bartmaes.eu\/de\/#website\",\"url\":\"https:\/\/www.bartmaes.eu\/de\/\",\"name\":\"Bart Maes\",\"description\":\"Freedom of Health\",\"publisher\":{\"@id\":\"https:\/\/www.bartmaes.eu\/de\/#\/schema\/person\/494aac885bbf4cdfe56659fdabd4e59a\"},\"potentialAction\":[{\"@type\":\"SearchAction\",\"target\":{\"@type\":\"EntryPoint\",\"urlTemplate\":\"https:\/\/www.bartmaes.eu\/de\/?s={search_term_string}\"},\"query-input\":\"required name=search_term_string\"}],\"inLanguage\":\"de\"},{\"@type\":[\"Person\",\"Organization\"],\"@id\":\"https:\/\/www.bartmaes.eu\/de\/#\/schema\/person\/494aac885bbf4cdfe56659fdabd4e59a\",\"name\":\"Bart Maes\",\"image\":{\"@type\":\"ImageObject\",\"inLanguage\":\"de\",\"@id\":\"https:\/\/www.bartmaes.eu\/de\/#\/schema\/person\/image\/\",\"url\":\"https:\/\/www.bartmaes.eu\/wp-content\/uploads\/2020\/09\/Bart-Maes-is-de-Bio-Veggie-Man.png\",\"contentUrl\":\"https:\/\/www.bartmaes.eu\/wp-content\/uploads\/2020\/09\/Bart-Maes-is-de-Bio-Veggie-Man.png\",\"width\":600,\"height\":800,\"caption\":\"Bart Maes\"},\"logo\":{\"@id\":\"https:\/\/www.bartmaes.eu\/de\/#\/schema\/person\/image\/\"}}]}<\/script>\n<!-- \/ Yoast SEO plugin. -->","yoast_head_json":{"title":"Mit einem Anti-Aging-Serum ist ein Mini-Facelifting ohne Operation m\u00f6glich. - Bart Maes","description":"Wie k\u00f6nnen Sie die \u00e4u\u00dferen Alterserscheinungen (Anti-Aging) verhindern? Bedeutung der Ern\u00e4hrung? Antworten auf diese und weitere Fragen finden Sie hier.","robots":{"index":"index","follow":"follow","max-snippet":"max-snippet:-1","max-image-preview":"max-image-preview:large","max-video-preview":"max-video-preview:-1"},"canonical":"https:\/\/www.bartmaes.eu\/de\/anti-aging-de\/anti-aging-alterserscheinungen-vorbeugen\/","og_locale":"de_DE","og_type":"article","og_title":"Mit einem Anti-Aging-Serum ist ein Mini-Facelifting ohne Operation m\u00f6glich. - Bart Maes","og_description":"Wie k\u00f6nnen Sie die \u00e4u\u00dferen Alterserscheinungen (Anti-Aging) verhindern? Bedeutung der Ern\u00e4hrung? Antworten auf diese und weitere Fragen finden Sie hier.","og_url":"https:\/\/www.bartmaes.eu\/de\/anti-aging-de\/anti-aging-alterserscheinungen-vorbeugen\/","og_site_name":"Bart Maes","article_published_time":"2019-11-08T10:18:18+00:00","article_modified_time":"2020-10-14T12:25:22+00:00","og_image":[{"width":1200,"height":666,"url":"https:\/\/www.bartmaes.eu\/wp-content\/uploads\/2019\/11\/De-juiste-anti-aging-serum.jpg","type":"image\/jpeg"}],"author":"Bart Maes","twitter_card":"summary_large_image","schema":{"@context":"https:\/\/schema.org","@graph":[{"@type":"Article","@id":"https:\/\/www.bartmaes.eu\/de\/anti-aging-de\/anti-aging-alterserscheinungen-vorbeugen\/#article","isPartOf":{"@id":"https:\/\/www.bartmaes.eu\/de\/anti-aging-de\/anti-aging-alterserscheinungen-vorbeugen\/"},"author":{"name":"Bart Maes","@id":"https:\/\/www.bartmaes.eu\/de\/#\/schema\/person\/494aac885bbf4cdfe56659fdabd4e59a"},"headline":"Anti-Aging? Alterserscheinungen vorbeugen?","datePublished":"2019-11-08T10:18:18+00:00","dateModified":"2020-10-14T12:25:22+00:00","mainEntityOfPage":{"@id":"https:\/\/www.bartmaes.eu\/de\/anti-aging-de\/anti-aging-alterserscheinungen-vorbeugen\/"},"wordCount":1337,"publisher":{"@id":"https:\/\/www.bartmaes.eu\/de\/#\/schema\/person\/494aac885bbf4cdfe56659fdabd4e59a"},"keywords":["Anti-Aging","Anti-Aging-Serum","Keratin","Kollagen"],"articleSection":["Anti-aging"],"inLanguage":"de"},{"@type":"WebPage","@id":"https:\/\/www.bartmaes.eu\/de\/anti-aging-de\/anti-aging-alterserscheinungen-vorbeugen\/","url":"https:\/\/www.bartmaes.eu\/de\/anti-aging-de\/anti-aging-alterserscheinungen-vorbeugen\/","name":"Mit einem Anti-Aging-Serum ist ein Mini-Facelifting ohne Operation m\u00f6glich. - Bart Maes","isPartOf":{"@id":"https:\/\/www.bartmaes.eu\/de\/#website"},"datePublished":"2019-11-08T10:18:18+00:00","dateModified":"2020-10-14T12:25:22+00:00","description":"Wie k\u00f6nnen Sie die \u00e4u\u00dferen Alterserscheinungen (Anti-Aging) verhindern? Bedeutung der Ern\u00e4hrung? Antworten auf diese und weitere Fragen finden Sie hier.","breadcrumb":{"@id":"https:\/\/www.bartmaes.eu\/de\/anti-aging-de\/anti-aging-alterserscheinungen-vorbeugen\/#breadcrumb"},"inLanguage":"de","potentialAction":[{"@type":"ReadAction","target":["https:\/\/www.bartmaes.eu\/de\/anti-aging-de\/anti-aging-alterserscheinungen-vorbeugen\/"]}]},{"@type":"BreadcrumbList","@id":"https:\/\/www.bartmaes.eu\/de\/anti-aging-de\/anti-aging-alterserscheinungen-vorbeugen\/#breadcrumb","itemListElement":[{"@type":"ListItem","position":1,"name":"Home","item":"https:\/\/www.bartmaes.eu\/de\/"},{"@type":"ListItem","position":2,"name":"Anti-Aging? Alterserscheinungen vorbeugen?"}]},{"@type":"WebSite","@id":"https:\/\/www.bartmaes.eu\/de\/#website","url":"https:\/\/www.bartmaes.eu\/de\/","name":"Bart Maes","description":"Freedom of Health","publisher":{"@id":"https:\/\/www.bartmaes.eu\/de\/#\/schema\/person\/494aac885bbf4cdfe56659fdabd4e59a"},"potentialAction":[{"@type":"SearchAction","target":{"@type":"EntryPoint","urlTemplate":"https:\/\/www.bartmaes.eu\/de\/?s={search_term_string}"},"query-input":"required name=search_term_string"}],"inLanguage":"de"},{"@type":["Person","Organization"],"@id":"https:\/\/www.bartmaes.eu\/de\/#\/schema\/person\/494aac885bbf4cdfe56659fdabd4e59a","name":"Bart Maes","image":{"@type":"ImageObject","inLanguage":"de","@id":"https:\/\/www.bartmaes.eu\/de\/#\/schema\/person\/image\/","url":"https:\/\/www.bartmaes.eu\/wp-content\/uploads\/2020\/09\/Bart-Maes-is-de-Bio-Veggie-Man.png","contentUrl":"https:\/\/www.bartmaes.eu\/wp-content\/uploads\/2020\/09\/Bart-Maes-is-de-Bio-Veggie-Man.png","width":600,"height":800,"caption":"Bart Maes"},"logo":{"@id":"https:\/\/www.bartmaes.eu\/de\/#\/schema\/person\/image\/"}}]}},"_links":{"self":[{"href":"https:\/\/www.bartmaes.eu\/de\/wp-json\/wp\/v2\/posts\/3658"}],"collection":[{"href":"https:\/\/www.bartmaes.eu\/de\/wp-json\/wp\/v2\/posts"}],"about":[{"href":"https:\/\/www.bartmaes.eu\/de\/wp-json\/wp\/v2\/types\/post"}],"author":[{"embeddable":true,"href":"https:\/\/www.bartmaes.eu\/de\/wp-json\/wp\/v2\/users\/6"}],"replies":[{"embeddable":true,"href":"https:\/\/www.bartmaes.eu\/de\/wp-json\/wp\/v2\/comments?post=3658"}],"version-history":[{"count":2,"href":"https:\/\/www.bartmaes.eu\/de\/wp-json\/wp\/v2\/posts\/3658\/revisions"}],"predecessor-version":[{"id":5026,"href":"https:\/\/www.bartmaes.eu\/de\/wp-json\/wp\/v2\/posts\/3658\/revisions\/5026"}],"wp:featuredmedia":[{"embeddable":true,"href":"https:\/\/www.bartmaes.eu\/de\/wp-json\/wp\/v2\/media\/3640"}],"wp:attachment":[{"href":"https:\/\/www.bartmaes.eu\/de\/wp-json\/wp\/v2\/media?parent=3658"}],"wp:term":[{"taxonomy":"category","embeddable":true,"href":"https:\/\/www.bartmaes.eu\/de\/wp-json\/wp\/v2\/categories?post=3658"},{"taxonomy":"post_tag","embeddable":true,"href":"https:\/\/www.bartmaes.eu\/de\/wp-json\/wp\/v2\/tags?post=3658"},{"taxonomy":"ads-targeting","embeddable":true,"href":"https:\/\/www.bartmaes.eu\/de\/wp-json\/wp\/v2\/ads-targeting?post=3658"}],"curies":[{"name":"wp","href":"https:\/\/api.w.org\/{rel}","templated":true}]}}