{"id":2637,"date":"2019-02-20T14:37:31","date_gmt":"2019-02-20T13:37:31","guid":{"rendered":"https:\/\/www.bartmaes.eu\/unkategorisiert\/gesundes-sonnenbaden-mit-rotem-palmol\/"},"modified":"2019-02-20T14:37:32","modified_gmt":"2019-02-20T13:37:32","slug":"gesundes-sonnenbaden-mit-rotem-palmol","status":"publish","type":"post","link":"https:\/\/www.bartmaes.eu\/de\/rotes-palmol\/gesundes-sonnenbaden-mit-rotem-palmol\/","title":{"rendered":"Gesundes Sonnenbaden mit rotem Palm\u00f6l"},"content":{"rendered":"<div class=\"fusion-fullwidth fullwidth-box fusion-builder-row-1 nonhundred-percent-fullwidth non-hundred-percent-height-scrolling\" style=\"background-color: rgba(255,255,255,0);background-position: center center;background-repeat: no-repeat;padding-top:0px;padding-right:0px;padding-bottom:0px;padding-left:0px;margin-bottom: 0px;margin-top: 0px;border-width: 0px 0px 0px 0px;border-color:#eae9e9;border-style:solid;\" ><div class=\"fusion-builder-row fusion-row\"><div class=\"fusion-layout-column fusion_builder_column fusion-builder-column-0 fusion_builder_column_1_1 1_1 fusion-one-full fusion-column-first fusion-column-last\" style=\"margin-top:0px;margin-bottom:20px;\"><div class=\"fusion-column-wrapper fusion-flex-column-wrapper-legacy\" style=\"background-position:left top;background-repeat:no-repeat;-webkit-background-size:cover;-moz-background-size:cover;-o-background-size:cover;background-size:cover;padding: 0px 0px 0px 0px;\"><div class=\"fusion-text fusion-text-1\"><h1>Sch\u00f6ne und gesunde Br\u00e4une mit Rotem Palmen\u00f6l<\/h1>\n<p><img decoding=\"async\" class=\"alignleft wp-image-359\" src=\"https:\/\/www.bartmaes.eu\/wp-content\/uploads\/2017\/07\/Gezond-zonnen-300x209.jpg\" alt=\"Rode palmolie met caroteen en vitamine E om gezond te zonnen zonder pigmentvlekken\" width=\"332\" height=\"231\" srcset=\"https:\/\/www.bartmaes.eu\/wp-content\/uploads\/2017\/07\/Gezond-zonnen-200x140.jpg 200w, https:\/\/www.bartmaes.eu\/wp-content\/uploads\/2017\/07\/Gezond-zonnen-300x209.jpg 300w, https:\/\/www.bartmaes.eu\/wp-content\/uploads\/2017\/07\/Gezond-zonnen-400x279.jpg 400w, https:\/\/www.bartmaes.eu\/wp-content\/uploads\/2017\/07\/Gezond-zonnen-600x419.jpg 600w, https:\/\/www.bartmaes.eu\/wp-content\/uploads\/2017\/07\/Gezond-zonnen-768x536.jpg 768w, https:\/\/www.bartmaes.eu\/wp-content\/uploads\/2017\/07\/Gezond-zonnen-800x559.jpg 800w, https:\/\/www.bartmaes.eu\/wp-content\/uploads\/2017\/07\/Gezond-zonnen.jpg 1024w\" sizes=\"(max-width: 332px) 100vw, 332px\" \/>Eine\u00a0 schnellere,\u00a0 sch\u00f6ne\u00a0 und\u00a0 gleichm\u00e4\u00dfige\u00a0 Br\u00e4une,\u00a0 Ihre\u00a0 Haut\u00a0 wird besser gesch\u00fctzt, es entstehen weniger Pigmentbildung und\u00a0 Sommersprossen und die Br\u00e4unung h\u00e4lt\u00a0 l\u00e4nger an. Der Grund\u00a0 daf\u00fcr sind die gro\u00dfen Mengen an Carotinen und Tocotrienolen,\u00a0 die kr\u00e4ftige Sorte des nat\u00fcrlichen Vitamin E, das die Haut, K\u00f6rper,\u00a0 Gehirn und Augen mit vielen Antioxidanten versieht. Sie f\u00f6rdern\u00a0 die Br\u00e4unung und wirken Alterung entgegen.<\/p>\n<p>Verw\u00f6hnen Sie sich\u00a0 w\u00e4hrend der Sommermonate mit 1 bis 2 Essl\u00f6ffeln von Rotem Palmen\u00f6l. Wenn\u00a0 Sie\u00a0 Rotes\u00a0 Palmen\u00f6l\u00a0 auf\u00a0 die\u00a0 Haut\u00a0 auftragen, eventuell\u00a0 in Kombination mit Kokos\u00f6l und \u00e4therischem \u00d6l von Limonen,\u00a0 Zitronen, Apfelsinen\u00a0 erzielen\u00a0 Sie\u00a0 eine\u00a0 zielgerichtete und\u00a0 erfrischende Wirkung. Auch bei Verbrennungen durch die Sonne kann sich die Haut damit schneller erholen.<\/p>\n<\/div><div class=\"fusion-clearfix\"><\/div><\/div><\/div><\/div><\/div>\n","protected":false},"excerpt":{"rendered":"","protected":false},"author":6,"featured_media":2639,"comment_status":"open","ping_status":"open","sticky":false,"template":"","format":"standard","meta":{"footnotes":""},"categories":[328],"tags":[311],"ads-targeting":[989],"yoast_head":"<!-- This site is optimized with the Yoast SEO plugin v19.13 - https:\/\/yoast.com\/wordpress\/plugins\/seo\/ -->\n<title>Carotin und Vitamin E: gesundes Sonnenbaden mit rotem Palm\u00f6l<\/title>\n<meta name=\"description\" content=\"Gesundes Sonnenbaden? Verwenden Sie rotes Palm\u00f6l mit Karotin und Vitamin E. Sch\u00f6n lang und sogar braun ohne Pigmentflecken und Sommersprossen.\" \/>\n<meta name=\"robots\" content=\"index, follow, max-snippet:-1, max-image-preview:large, max-video-preview:-1\" \/>\n<link rel=\"canonical\" href=\"https:\/\/www.bartmaes.eu\/de\/rotes-palmol\/gesundes-sonnenbaden-mit-rotem-palmol\/\" \/>\n<meta property=\"og:locale\" content=\"de_DE\" \/>\n<meta property=\"og:type\" content=\"article\" \/>\n<meta property=\"og:title\" content=\"Carotin und Vitamin E: gesundes Sonnenbaden mit rotem Palm\u00f6l\" \/>\n<meta property=\"og:description\" content=\"Gesundes Sonnenbaden? Verwenden Sie rotes Palm\u00f6l mit Karotin und Vitamin E. Sch\u00f6n lang und sogar braun ohne Pigmentflecken und Sommersprossen.\" \/>\n<meta property=\"og:url\" content=\"https:\/\/www.bartmaes.eu\/de\/rotes-palmol\/gesundes-sonnenbaden-mit-rotem-palmol\/\" \/>\n<meta property=\"og:site_name\" content=\"Bart Maes\" \/>\n<meta property=\"article:published_time\" content=\"2019-02-20T13:37:31+00:00\" \/>\n<meta property=\"article:modified_time\" content=\"2019-02-20T13:37:32+00:00\" \/>\n<meta property=\"og:image\" content=\"https:\/\/www.bartmaes.eu\/wp-content\/uploads\/2017\/07\/Gezond-zonnen.jpg\" \/>\n\t<meta property=\"og:image:width\" content=\"1024\" \/>\n\t<meta property=\"og:image:height\" content=\"715\" \/>\n\t<meta property=\"og:image:type\" content=\"image\/jpeg\" \/>\n<meta name=\"author\" content=\"Bart Maes\" \/>\n<meta name=\"twitter:card\" content=\"summary_large_image\" \/>\n<script type=\"application\/ld+json\" class=\"yoast-schema-graph\">{\"@context\":\"https:\/\/schema.org\",\"@graph\":[{\"@type\":\"Article\",\"@id\":\"https:\/\/www.bartmaes.eu\/de\/rotes-palmol\/gesundes-sonnenbaden-mit-rotem-palmol\/#article\",\"isPartOf\":{\"@id\":\"https:\/\/www.bartmaes.eu\/de\/rotes-palmol\/gesundes-sonnenbaden-mit-rotem-palmol\/\"},\"author\":{\"name\":\"Bart Maes\",\"@id\":\"https:\/\/www.bartmaes.eu\/de\/#\/schema\/person\/494aac885bbf4cdfe56659fdabd4e59a\"},\"headline\":\"Gesundes Sonnenbaden mit rotem Palm\u00f6l\",\"datePublished\":\"2019-02-20T13:37:31+00:00\",\"dateModified\":\"2019-02-20T13:37:32+00:00\",\"mainEntityOfPage\":{\"@id\":\"https:\/\/www.bartmaes.eu\/de\/rotes-palmol\/gesundes-sonnenbaden-mit-rotem-palmol\/\"},\"wordCount\":302,\"commentCount\":0,\"publisher\":{\"@id\":\"https:\/\/www.bartmaes.eu\/de\/#\/schema\/person\/494aac885bbf4cdfe56659fdabd4e59a\"},\"keywords\":[\"rotes palm\u00f6l\"],\"articleSection\":[\"Rotes Palm\u00f6l\"],\"inLanguage\":\"de\",\"potentialAction\":[{\"@type\":\"CommentAction\",\"name\":\"Comment\",\"target\":[\"https:\/\/www.bartmaes.eu\/de\/rotes-palmol\/gesundes-sonnenbaden-mit-rotem-palmol\/#respond\"]}]},{\"@type\":\"WebPage\",\"@id\":\"https:\/\/www.bartmaes.eu\/de\/rotes-palmol\/gesundes-sonnenbaden-mit-rotem-palmol\/\",\"url\":\"https:\/\/www.bartmaes.eu\/de\/rotes-palmol\/gesundes-sonnenbaden-mit-rotem-palmol\/\",\"name\":\"Carotin und Vitamin E: gesundes Sonnenbaden mit rotem Palm\u00f6l\",\"isPartOf\":{\"@id\":\"https:\/\/www.bartmaes.eu\/de\/#website\"},\"datePublished\":\"2019-02-20T13:37:31+00:00\",\"dateModified\":\"2019-02-20T13:37:32+00:00\",\"description\":\"Gesundes Sonnenbaden? Verwenden Sie rotes Palm\u00f6l mit Karotin und Vitamin E. Sch\u00f6n lang und sogar braun ohne Pigmentflecken und Sommersprossen.\",\"breadcrumb\":{\"@id\":\"https:\/\/www.bartmaes.eu\/de\/rotes-palmol\/gesundes-sonnenbaden-mit-rotem-palmol\/#breadcrumb\"},\"inLanguage\":\"de\",\"potentialAction\":[{\"@type\":\"ReadAction\",\"target\":[\"https:\/\/www.bartmaes.eu\/de\/rotes-palmol\/gesundes-sonnenbaden-mit-rotem-palmol\/\"]}]},{\"@type\":\"BreadcrumbList\",\"@id\":\"https:\/\/www.bartmaes.eu\/de\/rotes-palmol\/gesundes-sonnenbaden-mit-rotem-palmol\/#breadcrumb\",\"itemListElement\":[{\"@type\":\"ListItem\",\"position\":1,\"name\":\"Home\",\"item\":\"https:\/\/www.bartmaes.eu\/de\/\"},{\"@type\":\"ListItem\",\"position\":2,\"name\":\"Gesundes Sonnenbaden mit rotem Palm\u00f6l\"}]},{\"@type\":\"WebSite\",\"@id\":\"https:\/\/www.bartmaes.eu\/de\/#website\",\"url\":\"https:\/\/www.bartmaes.eu\/de\/\",\"name\":\"Bart Maes\",\"description\":\"Freedom of Health\",\"publisher\":{\"@id\":\"https:\/\/www.bartmaes.eu\/de\/#\/schema\/person\/494aac885bbf4cdfe56659fdabd4e59a\"},\"potentialAction\":[{\"@type\":\"SearchAction\",\"target\":{\"@type\":\"EntryPoint\",\"urlTemplate\":\"https:\/\/www.bartmaes.eu\/de\/?s={search_term_string}\"},\"query-input\":\"required name=search_term_string\"}],\"inLanguage\":\"de\"},{\"@type\":[\"Person\",\"Organization\"],\"@id\":\"https:\/\/www.bartmaes.eu\/de\/#\/schema\/person\/494aac885bbf4cdfe56659fdabd4e59a\",\"name\":\"Bart Maes\",\"image\":{\"@type\":\"ImageObject\",\"inLanguage\":\"de\",\"@id\":\"https:\/\/www.bartmaes.eu\/de\/#\/schema\/person\/image\/\",\"url\":\"https:\/\/www.bartmaes.eu\/wp-content\/uploads\/2020\/09\/Bart-Maes-is-de-Bio-Veggie-Man.png\",\"contentUrl\":\"https:\/\/www.bartmaes.eu\/wp-content\/uploads\/2020\/09\/Bart-Maes-is-de-Bio-Veggie-Man.png\",\"width\":600,\"height\":800,\"caption\":\"Bart Maes\"},\"logo\":{\"@id\":\"https:\/\/www.bartmaes.eu\/de\/#\/schema\/person\/image\/\"}}]}<\/script>\n<!-- \/ Yoast SEO plugin. -->","yoast_head_json":{"title":"Carotin und Vitamin E: gesundes Sonnenbaden mit rotem Palm\u00f6l","description":"Gesundes Sonnenbaden? Verwenden Sie rotes Palm\u00f6l mit Karotin und Vitamin E. Sch\u00f6n lang und sogar braun ohne Pigmentflecken und Sommersprossen.","robots":{"index":"index","follow":"follow","max-snippet":"max-snippet:-1","max-image-preview":"max-image-preview:large","max-video-preview":"max-video-preview:-1"},"canonical":"https:\/\/www.bartmaes.eu\/de\/rotes-palmol\/gesundes-sonnenbaden-mit-rotem-palmol\/","og_locale":"de_DE","og_type":"article","og_title":"Carotin und Vitamin E: gesundes Sonnenbaden mit rotem Palm\u00f6l","og_description":"Gesundes Sonnenbaden? Verwenden Sie rotes Palm\u00f6l mit Karotin und Vitamin E. Sch\u00f6n lang und sogar braun ohne Pigmentflecken und Sommersprossen.","og_url":"https:\/\/www.bartmaes.eu\/de\/rotes-palmol\/gesundes-sonnenbaden-mit-rotem-palmol\/","og_site_name":"Bart Maes","article_published_time":"2019-02-20T13:37:31+00:00","article_modified_time":"2019-02-20T13:37:32+00:00","og_image":[{"width":1024,"height":715,"url":"https:\/\/www.bartmaes.eu\/wp-content\/uploads\/2017\/07\/Gezond-zonnen.jpg","type":"image\/jpeg"}],"author":"Bart Maes","twitter_card":"summary_large_image","schema":{"@context":"https:\/\/schema.org","@graph":[{"@type":"Article","@id":"https:\/\/www.bartmaes.eu\/de\/rotes-palmol\/gesundes-sonnenbaden-mit-rotem-palmol\/#article","isPartOf":{"@id":"https:\/\/www.bartmaes.eu\/de\/rotes-palmol\/gesundes-sonnenbaden-mit-rotem-palmol\/"},"author":{"name":"Bart Maes","@id":"https:\/\/www.bartmaes.eu\/de\/#\/schema\/person\/494aac885bbf4cdfe56659fdabd4e59a"},"headline":"Gesundes Sonnenbaden mit rotem Palm\u00f6l","datePublished":"2019-02-20T13:37:31+00:00","dateModified":"2019-02-20T13:37:32+00:00","mainEntityOfPage":{"@id":"https:\/\/www.bartmaes.eu\/de\/rotes-palmol\/gesundes-sonnenbaden-mit-rotem-palmol\/"},"wordCount":302,"commentCount":0,"publisher":{"@id":"https:\/\/www.bartmaes.eu\/de\/#\/schema\/person\/494aac885bbf4cdfe56659fdabd4e59a"},"keywords":["rotes palm\u00f6l"],"articleSection":["Rotes Palm\u00f6l"],"inLanguage":"de","potentialAction":[{"@type":"CommentAction","name":"Comment","target":["https:\/\/www.bartmaes.eu\/de\/rotes-palmol\/gesundes-sonnenbaden-mit-rotem-palmol\/#respond"]}]},{"@type":"WebPage","@id":"https:\/\/www.bartmaes.eu\/de\/rotes-palmol\/gesundes-sonnenbaden-mit-rotem-palmol\/","url":"https:\/\/www.bartmaes.eu\/de\/rotes-palmol\/gesundes-sonnenbaden-mit-rotem-palmol\/","name":"Carotin und Vitamin E: gesundes Sonnenbaden mit rotem Palm\u00f6l","isPartOf":{"@id":"https:\/\/www.bartmaes.eu\/de\/#website"},"datePublished":"2019-02-20T13:37:31+00:00","dateModified":"2019-02-20T13:37:32+00:00","description":"Gesundes Sonnenbaden? Verwenden Sie rotes Palm\u00f6l mit Karotin und Vitamin E. Sch\u00f6n lang und sogar braun ohne Pigmentflecken und Sommersprossen.","breadcrumb":{"@id":"https:\/\/www.bartmaes.eu\/de\/rotes-palmol\/gesundes-sonnenbaden-mit-rotem-palmol\/#breadcrumb"},"inLanguage":"de","potentialAction":[{"@type":"ReadAction","target":["https:\/\/www.bartmaes.eu\/de\/rotes-palmol\/gesundes-sonnenbaden-mit-rotem-palmol\/"]}]},{"@type":"BreadcrumbList","@id":"https:\/\/www.bartmaes.eu\/de\/rotes-palmol\/gesundes-sonnenbaden-mit-rotem-palmol\/#breadcrumb","itemListElement":[{"@type":"ListItem","position":1,"name":"Home","item":"https:\/\/www.bartmaes.eu\/de\/"},{"@type":"ListItem","position":2,"name":"Gesundes Sonnenbaden mit rotem Palm\u00f6l"}]},{"@type":"WebSite","@id":"https:\/\/www.bartmaes.eu\/de\/#website","url":"https:\/\/www.bartmaes.eu\/de\/","name":"Bart Maes","description":"Freedom of Health","publisher":{"@id":"https:\/\/www.bartmaes.eu\/de\/#\/schema\/person\/494aac885bbf4cdfe56659fdabd4e59a"},"potentialAction":[{"@type":"SearchAction","target":{"@type":"EntryPoint","urlTemplate":"https:\/\/www.bartmaes.eu\/de\/?s={search_term_string}"},"query-input":"required name=search_term_string"}],"inLanguage":"de"},{"@type":["Person","Organization"],"@id":"https:\/\/www.bartmaes.eu\/de\/#\/schema\/person\/494aac885bbf4cdfe56659fdabd4e59a","name":"Bart Maes","image":{"@type":"ImageObject","inLanguage":"de","@id":"https:\/\/www.bartmaes.eu\/de\/#\/schema\/person\/image\/","url":"https:\/\/www.bartmaes.eu\/wp-content\/uploads\/2020\/09\/Bart-Maes-is-de-Bio-Veggie-Man.png","contentUrl":"https:\/\/www.bartmaes.eu\/wp-content\/uploads\/2020\/09\/Bart-Maes-is-de-Bio-Veggie-Man.png","width":600,"height":800,"caption":"Bart Maes"},"logo":{"@id":"https:\/\/www.bartmaes.eu\/de\/#\/schema\/person\/image\/"}}]}},"_links":{"self":[{"href":"https:\/\/www.bartmaes.eu\/de\/wp-json\/wp\/v2\/posts\/2637"}],"collection":[{"href":"https:\/\/www.bartmaes.eu\/de\/wp-json\/wp\/v2\/posts"}],"about":[{"href":"https:\/\/www.bartmaes.eu\/de\/wp-json\/wp\/v2\/types\/post"}],"author":[{"embeddable":true,"href":"https:\/\/www.bartmaes.eu\/de\/wp-json\/wp\/v2\/users\/6"}],"replies":[{"embeddable":true,"href":"https:\/\/www.bartmaes.eu\/de\/wp-json\/wp\/v2\/comments?post=2637"}],"version-history":[{"count":0,"href":"https:\/\/www.bartmaes.eu\/de\/wp-json\/wp\/v2\/posts\/2637\/revisions"}],"wp:featuredmedia":[{"embeddable":true,"href":"https:\/\/www.bartmaes.eu\/de\/wp-json\/wp\/v2\/media\/2639"}],"wp:attachment":[{"href":"https:\/\/www.bartmaes.eu\/de\/wp-json\/wp\/v2\/media?parent=2637"}],"wp:term":[{"taxonomy":"category","embeddable":true,"href":"https:\/\/www.bartmaes.eu\/de\/wp-json\/wp\/v2\/categories?post=2637"},{"taxonomy":"post_tag","embeddable":true,"href":"https:\/\/www.bartmaes.eu\/de\/wp-json\/wp\/v2\/tags?post=2637"},{"taxonomy":"ads-targeting","embeddable":true,"href":"https:\/\/www.bartmaes.eu\/de\/wp-json\/wp\/v2\/ads-targeting?post=2637"}],"curies":[{"name":"wp","href":"https:\/\/api.w.org\/{rel}","templated":true}]}}