{"id":1588,"date":"2018-08-07T12:01:26","date_gmt":"2018-08-07T10:01:26","guid":{"rendered":"https:\/\/www.bartmaes.eu\/?p=1588"},"modified":"2020-09-30T10:09:09","modified_gmt":"2020-09-30T08:09:09","slug":"extra-vergines-olivenoel","status":"publish","type":"post","link":"https:\/\/www.bartmaes.eu\/de\/gesunde-fette\/extra-vergines-olivenoel\/","title":{"rendered":"Was sollte man am besten zum Braten verwenden?  Ein mildes, normales oder extra vergines Oliven\u00f6l?"},"content":{"rendered":"<div class=\"fusion-fullwidth fullwidth-box fusion-builder-row-1 nonhundred-percent-fullwidth non-hundred-percent-height-scrolling\" style=\"background-color: rgba(255,255,255,0);background-position: center center;background-repeat: no-repeat;padding-top:0px;padding-right:0px;padding-bottom:0px;padding-left:0px;margin-bottom: 0px;margin-top: 0px;border-width: 0px 0px 0px 0px;border-color:#eae9e9;border-style:solid;\" ><div class=\"fusion-builder-row fusion-row\"><div class=\"fusion-layout-column fusion_builder_column fusion-builder-column-0 fusion_builder_column_1_1 1_1 fusion-one-full fusion-column-first fusion-column-last\" style=\"margin-top:0px;margin-bottom:20px;\"><div class=\"fusion-column-wrapper fusion-flex-column-wrapper-legacy\" style=\"background-position:left top;background-repeat:no-repeat;-webkit-background-size:cover;-moz-background-size:cover;-o-background-size:cover;background-size:cover;padding: 0px 0px 0px 0px;\"><div class=\"fusion-text fusion-text-1\"><h2>1. Zun\u00e4chst sollten Sie wissen, dass nur extra vergine \u00d6le gesund sind.<\/h2>\n<p>Alle raffinierten \u00d6le sind mehr oder weniger ungesund, aber nie wirklich gesund.<br \/>\nDurch das Raffinieren des \u00d6ls entstehen Nebenprodukte (z.\u00a0B. PAK), werden die nat\u00fcrlichen Strukturen ver\u00e4ndert (z.\u00a0B. von cis- zu trans-Fetts\u00e4uren) und werden wichtige gesunde Stoffe (z.\u00a0B. Vitamin D, Lezithin, Chlorophyll, Oleocanthal) in mehr oder weniger gro\u00dfem Umfang entfernt.<\/p>\n<div id=\"attachment_1571\" style=\"width: 1210px\" class=\"wp-caption alignleft\"><img decoding=\"async\" aria-describedby=\"caption-attachment-1571\" class=\"size-full wp-image-1571\" src=\"https:\/\/www.bartmaes.eu\/wp-content\/uploads\/2018\/08\/Olijfbomen-1.jpg\" alt=\"Olivenb\u00e4ume in einem olivgr\u00fcnen Feld mit viel Platz.\" width=\"1200\" height=\"675\" srcset=\"https:\/\/www.bartmaes.eu\/wp-content\/uploads\/2018\/08\/Olijfbomen-1-200x113.jpg 200w, https:\/\/www.bartmaes.eu\/wp-content\/uploads\/2018\/08\/Olijfbomen-1-300x169.jpg 300w, https:\/\/www.bartmaes.eu\/wp-content\/uploads\/2018\/08\/Olijfbomen-1-400x225.jpg 400w, https:\/\/www.bartmaes.eu\/wp-content\/uploads\/2018\/08\/Olijfbomen-1-600x338.jpg 600w, https:\/\/www.bartmaes.eu\/wp-content\/uploads\/2018\/08\/Olijfbomen-1-768x432.jpg 768w, https:\/\/www.bartmaes.eu\/wp-content\/uploads\/2018\/08\/Olijfbomen-1-800x450.jpg 800w, https:\/\/www.bartmaes.eu\/wp-content\/uploads\/2018\/08\/Olijfbomen-1-1024x576.jpg 1024w, https:\/\/www.bartmaes.eu\/wp-content\/uploads\/2018\/08\/Olijfbomen-1.jpg 1200w\" sizes=\"(max-width: 1200px) 100vw, 1200px\" \/><p id=\"caption-attachment-1571\" class=\"wp-caption-text\">Olivenb\u00e4ume in einem olivgr\u00fcnen Feld mit viel Platz.<\/p><\/div>\n<h2>2. Beim kalten Pressen von extra verginem Oliven\u00f6l werden keine sch\u00e4dlichen Stoffe freigesetzt.<\/h2>\n<p>Vieles h\u00e4ngt dabei ab von der Art und Weise worauf und dem Respekt mit dem kalt gepresst wird.<\/p>\n<div id=\"attachment_1573\" style=\"width: 1210px\" class=\"wp-caption alignleft\"><img decoding=\"async\" aria-describedby=\"caption-attachment-1573\" class=\"size-full wp-image-1573\" src=\"https:\/\/www.bartmaes.eu\/wp-content\/uploads\/2018\/08\/Olijf-in-olijfboom.jpg\" alt=\"Gr\u00fcne Olive mit dem Wassertropfen, der im Baum h\u00e4ngt\" width=\"1200\" height=\"675\" srcset=\"https:\/\/www.bartmaes.eu\/wp-content\/uploads\/2018\/08\/Olijf-in-olijfboom-200x113.jpg 200w, https:\/\/www.bartmaes.eu\/wp-content\/uploads\/2018\/08\/Olijf-in-olijfboom-300x169.jpg 300w, https:\/\/www.bartmaes.eu\/wp-content\/uploads\/2018\/08\/Olijf-in-olijfboom-400x225.jpg 400w, https:\/\/www.bartmaes.eu\/wp-content\/uploads\/2018\/08\/Olijf-in-olijfboom-600x338.jpg 600w, https:\/\/www.bartmaes.eu\/wp-content\/uploads\/2018\/08\/Olijf-in-olijfboom-768x432.jpg 768w, https:\/\/www.bartmaes.eu\/wp-content\/uploads\/2018\/08\/Olijf-in-olijfboom-800x450.jpg 800w, https:\/\/www.bartmaes.eu\/wp-content\/uploads\/2018\/08\/Olijf-in-olijfboom-1024x576.jpg 1024w, https:\/\/www.bartmaes.eu\/wp-content\/uploads\/2018\/08\/Olijf-in-olijfboom.jpg 1200w\" sizes=\"(max-width: 1200px) 100vw, 1200px\" \/><p id=\"caption-attachment-1573\" class=\"wp-caption-text\">Eine Olive, die Zeit hat zu reifen.<\/p><\/div>\n<h2>3. Es gibt strenge europ\u00e4ische Regeln f\u00fcr Oliven\u00f6l und dessen Qualit\u00e4tsstufen.<\/h2>\n<p>Extra vierge\/extra vergin ist eine von der EU gesch\u00fctzte Bezeichnung f\u00fcr die \u2013 von Natur aus \u2013 beste Oliven\u00f6lqualit\u00e4t. So darf bei diesem Prozess keine Hitze zum Einsatz kommen \u2013 die Temperatur darf bei der Pressung nicht \u00fcber 28\u00a0\u00b0C liegen \u2013 es darf nur mechanisch gepresst werden und die freien (sch\u00e4dlichen) Fetts\u00e4uren d\u00fcrfen nicht mehr als 0,8\u00a0% betragen. Zum Vergleich: Bei herk\u00f6mmlichem Oliven\u00f6l darf die freie (sch\u00e4dliche) Fetts\u00e4ure bis zu 2\u00a0% betragen.<\/p>\n<div id=\"attachment_1572\" style=\"width: 1210px\" class=\"wp-caption alignleft\"><img decoding=\"async\" aria-describedby=\"caption-attachment-1572\" class=\"size-full wp-image-1572\" src=\"https:\/\/www.bartmaes.eu\/wp-content\/uploads\/2018\/08\/Olijven-worden-opgevangen.jpg\" alt=\"Oliven fallen vom Baum selbst, wenn sie gut sind und von Netzen gefangen werden.\" width=\"1200\" height=\"675\" srcset=\"https:\/\/www.bartmaes.eu\/wp-content\/uploads\/2018\/08\/Olijven-worden-opgevangen-200x113.jpg 200w, https:\/\/www.bartmaes.eu\/wp-content\/uploads\/2018\/08\/Olijven-worden-opgevangen-300x169.jpg 300w, https:\/\/www.bartmaes.eu\/wp-content\/uploads\/2018\/08\/Olijven-worden-opgevangen-400x225.jpg 400w, https:\/\/www.bartmaes.eu\/wp-content\/uploads\/2018\/08\/Olijven-worden-opgevangen-600x338.jpg 600w, https:\/\/www.bartmaes.eu\/wp-content\/uploads\/2018\/08\/Olijven-worden-opgevangen-768x432.jpg 768w, https:\/\/www.bartmaes.eu\/wp-content\/uploads\/2018\/08\/Olijven-worden-opgevangen-800x450.jpg 800w, https:\/\/www.bartmaes.eu\/wp-content\/uploads\/2018\/08\/Olijven-worden-opgevangen-1024x576.jpg 1024w, https:\/\/www.bartmaes.eu\/wp-content\/uploads\/2018\/08\/Olijven-worden-opgevangen.jpg 1200w\" sizes=\"(max-width: 1200px) 100vw, 1200px\" \/><p id=\"caption-attachment-1572\" class=\"wp-caption-text\">Wenn die Oliven gereift sind, werden sie gesammelt.<\/p><\/div>\n<h2>4. Extra vergines Oliven\u00f6l kann hervorragend einmalig erhitzt werden.<\/h2>\n<p>Die meisten Oliven\u00f6le d\u00fcrfen auf 140 bis 160\u00a0\u00b0C erhitzt werden. Verde Salud von Amanprana darf aber zum Beispiel auf bis zu 180\u00a0\u00b0C erhitzt werden.<br \/>\nBei h\u00f6heren Temperaturen entstehen sowohl bei extra verginem wie bei raffiniertem \u00d6l toxische Stoffe. Wir empfehlen jedoch das \u00d6l nie \u00fcber 170\u00a0\u00b0C zu erhitzen. Das gilt sowohl f\u00fcr das \u00d6l wie vor allem auch f\u00fcr die Lebensmittel, die darin erhitzt werden.<br \/>\nHerk\u00f6mmliches Oliven\u00f6l und extra vergines Oliven\u00f6l sind aufgrund ihres Fetts\u00e4urenprofils (zu wenig ges\u00e4ttigtes Fett, viel Omega-9 und wenig Omega-6; die letzten beiden sind bei Erhitzung nicht besonders stabil) nicht unbedingt geeignet f\u00fcr mehrfaches Erhitzen. Sie eignen sich allerdings hervorragend f\u00fcr einmaliges Erhitzen.<\/p>\n<div id=\"attachment_1574\" style=\"width: 1210px\" class=\"wp-caption alignleft\"><img decoding=\"async\" aria-describedby=\"caption-attachment-1574\" class=\"size-full wp-image-1574\" src=\"https:\/\/www.bartmaes.eu\/wp-content\/uploads\/2018\/08\/Olijven-in-houten-bak.jpg\" alt=\"Dunkle Oliven im h\u00f6lzernen Beh\u00e4lter mit h\u00f6lzernem L\u00f6ffel\" width=\"1200\" height=\"675\" srcset=\"https:\/\/www.bartmaes.eu\/wp-content\/uploads\/2018\/08\/Olijven-in-houten-bak-200x113.jpg 200w, https:\/\/www.bartmaes.eu\/wp-content\/uploads\/2018\/08\/Olijven-in-houten-bak-300x169.jpg 300w, https:\/\/www.bartmaes.eu\/wp-content\/uploads\/2018\/08\/Olijven-in-houten-bak-400x225.jpg 400w, https:\/\/www.bartmaes.eu\/wp-content\/uploads\/2018\/08\/Olijven-in-houten-bak-600x338.jpg 600w, https:\/\/www.bartmaes.eu\/wp-content\/uploads\/2018\/08\/Olijven-in-houten-bak-768x432.jpg 768w, https:\/\/www.bartmaes.eu\/wp-content\/uploads\/2018\/08\/Olijven-in-houten-bak-800x450.jpg 800w, https:\/\/www.bartmaes.eu\/wp-content\/uploads\/2018\/08\/Olijven-in-houten-bak-1024x576.jpg 1024w, https:\/\/www.bartmaes.eu\/wp-content\/uploads\/2018\/08\/Olijven-in-houten-bak.jpg 1200w\" sizes=\"(max-width: 1200px) 100vw, 1200px\" \/><p id=\"caption-attachment-1574\" class=\"wp-caption-text\">Frische Oliven auf dem Markt.<\/p><\/div>\n<h2>5. Herk\u00f6mmliches Oliven\u00f6l ist (mehr oder weniger) ungesund.<\/h2>\n<p>Wenn extra vergines Oliven\u00f6l gepresst wird, bleibt der sogenannte &#8218;Olivenkuchen&#8216; \u00fcbrig. Diesen Olivenkuchen l\u00e4sst man einige Zeit ruhen, wobei dieser gegebenenfalls oxidiert, um ihn schlie\u00dflich erneut zu pressen: So erh\u00e4lt man das normale oder milde Oliven\u00f6l. Dies geschieht meistens unter Einsatz chemischer L\u00f6semittel, von denen nur hoffen kann, dass sie im Endprodukt nicht mehr enthalten sind. Da das Ergebnis schlechter Qualit\u00e4t ist, muss dieses \u00d6l raffiniert werden. Die freien Fetts\u00e4uren werden dadurch reduziert, aber &#8230; siehe Punkt 1.<\/p>\n\n\t\t<style type=\"text\/css\">\n\t\t\t#gallery-1 {\n\t\t\t\tmargin: auto;\n\t\t\t}\n\t\t\t#gallery-1 .gallery-item {\n\t\t\t\tfloat: left;\n\t\t\t\tmargin-top: 10px;\n\t\t\t\ttext-align: center;\n\t\t\t\twidth: 50%;\n\t\t\t}\n\t\t\t#gallery-1 img {\n\t\t\t\tborder: 2px solid #cfcfcf;\n\t\t\t}\n\t\t\t#gallery-1 .gallery-caption {\n\t\t\t\tmargin-left: 0;\n\t\t\t}\n\t\t\t\/* see gallery_shortcode() in wp-includes\/media.php *\/\n\t\t<\/style>\n\t\t<div id='gallery-1' class='gallery galleryid-1588 gallery-columns-2 gallery-size-full'><dl class='gallery-item'>\n\t\t\t<dt class='gallery-icon portrait'>\n\t\t\t\t<img decoding=\"async\" width=\"800\" height=\"1200\" src=\"https:\/\/www.bartmaes.eu\/wp-content\/uploads\/2018\/08\/Olijfolie-in-een-glazen-potje.jpg\" class=\"attachment-full size-full\" alt=\"Oliven\u00f6l in einem Glasgef\u00e4\u00df f\u00fcr gesundes Backen und R\u00f6sten\" aria-describedby=\"gallery-1-1569\" srcset=\"https:\/\/www.bartmaes.eu\/wp-content\/uploads\/2018\/08\/Olijfolie-in-een-glazen-potje-200x300.jpg 200w, https:\/\/www.bartmaes.eu\/wp-content\/uploads\/2018\/08\/Olijfolie-in-een-glazen-potje-400x600.jpg 400w, https:\/\/www.bartmaes.eu\/wp-content\/uploads\/2018\/08\/Olijfolie-in-een-glazen-potje-600x900.jpg 600w, https:\/\/www.bartmaes.eu\/wp-content\/uploads\/2018\/08\/Olijfolie-in-een-glazen-potje-683x1024.jpg 683w, https:\/\/www.bartmaes.eu\/wp-content\/uploads\/2018\/08\/Olijfolie-in-een-glazen-potje-768x1152.jpg 768w, https:\/\/www.bartmaes.eu\/wp-content\/uploads\/2018\/08\/Olijfolie-in-een-glazen-potje.jpg 800w\" sizes=\"(max-width: 800px) 100vw, 800px\" \/>\n\t\t\t<\/dt>\n\t\t\t\t<dd class='wp-caption-text gallery-caption' id='gallery-1-1569'>\n\t\t\t\tExtra verginem Oliven\u00f6l, perfekt zum einmaligen Erhitzen.\n\t\t\t\t<\/dd><\/dl><dl class='gallery-item'>\n\t\t\t<dt class='gallery-icon portrait'>\n\t\t\t\t<img decoding=\"async\" width=\"800\" height=\"1200\" src=\"https:\/\/www.bartmaes.eu\/wp-content\/uploads\/2018\/08\/Olijfolie-in-een-glazen-fles.jpg\" class=\"attachment-full size-full\" alt=\"Oliven\u00f6l gegossen aus einer Glasflasche zum gesunden Backen und Braten\" aria-describedby=\"gallery-1-1570\" srcset=\"https:\/\/www.bartmaes.eu\/wp-content\/uploads\/2018\/08\/Olijfolie-in-een-glazen-fles-200x300.jpg 200w, https:\/\/www.bartmaes.eu\/wp-content\/uploads\/2018\/08\/Olijfolie-in-een-glazen-fles-400x600.jpg 400w, https:\/\/www.bartmaes.eu\/wp-content\/uploads\/2018\/08\/Olijfolie-in-een-glazen-fles-600x900.jpg 600w, https:\/\/www.bartmaes.eu\/wp-content\/uploads\/2018\/08\/Olijfolie-in-een-glazen-fles-683x1024.jpg 683w, https:\/\/www.bartmaes.eu\/wp-content\/uploads\/2018\/08\/Olijfolie-in-een-glazen-fles-768x1152.jpg 768w, https:\/\/www.bartmaes.eu\/wp-content\/uploads\/2018\/08\/Olijfolie-in-een-glazen-fles.jpg 800w\" sizes=\"(max-width: 800px) 100vw, 800px\" \/>\n\t\t\t<\/dt>\n\t\t\t\t<dd class='wp-caption-text gallery-caption' id='gallery-1-1570'>\n\t\t\t\tNatives Oliven\u00f6l extra zum gesunden Backen und Braten\n\t\t\t\t<\/dd><\/dl><br style=\"clear: both\" \/>\n\t\t<\/div>\n\n<h2>6. Entstehen sch\u00e4dliche Stoffe bei der Erhitzung von extra verginem Oliven\u00f6l?<\/h2>\n<p>Extra vergines Oliven\u00f6l darf ausschlie\u00dflich mechanisch gefiltert werden. Au\u00dferdem wird es dekantiert. Was bedeutet Dekantierung? Oliven\u00f6l wird in Tanks gelagert. Nach einiger Zeit sinken die kleinen Olivenpartikel, die noch im \u00d6l vorhanden sind, zu Boden. Wenn das Oliven\u00f6l in Flaschen abgef\u00fcllt wird, wird bis direkt oberhalb dieses Bodensatzes abgef\u00fcllt, sodass nahezu keine Olivenreste mehr im Oliven\u00f6l vorhanden sind. Manche extra vergine \u00d6le werden nicht gefiltert. Diese sind geringf\u00fcgig oder etwas ges\u00fcnder, aber etwas weniger zum Erhitzen geeignet. Denn wenn diese winzigen Olivenpartikel im Oliven\u00f6l erhitzt werden, k\u00f6nnen diese besonders schnell anbrennen. Dadurch k\u00f6nnte eine sehr geringe Menge an sch\u00e4dlichen Stoffen entstehen. Bei ungefiltertem extra verginem Oliven\u00f6l (wie Hermanos Catalan von Amanprana) spielt dies eine kleine Rolle. Allerdings ist dabei zu bedenken, dass auch in der Flasche eine Dekantierung stattfindet und die wenigen Olivenpartikel sich nach einiger Zeit am Boden absetzen.<br \/>\nBei herk\u00f6mmlichem oder mildem Oliven\u00f6l (ein irref\u00fchrender Name f\u00fcr raffiniertes Oliven\u00f6l) werden diese wenigen kleinen Teilchen gr\u00f6\u00dftenteils herausgefiltert. Dies ist aber kein Grund herk\u00f6mmliches Oliven\u00f6l zur Erhitzung zu w\u00e4hlen. Der kleine Vorteil wiegt nicht auf gegen die vielen Nachteile des raffinierten \u00d6ls. Sogar, wenn man herk\u00f6mmliches Oliven\u00f6l nicht erhitzt, ist es bereits in geringem oder gr\u00f6\u00dferem Ma\u00dfe ungesund. Es ist aber niemals gesund.<\/p>\n<p>Wer ein gesundes Oliven\u00f6l sucht, sollte \u2013 sowohl zum Erhitzen wie f\u00fcr kalte Zubereitungen \u2013 extra vergines \u00d6l w\u00e4hlen.<br \/>\nLassen Sie sich nie einreden, dass raffiniertes \u00d6l \u2013 wie herk\u00f6mmliches oder ein sogenanntes mildes Oliven\u00f6l \u2013 ges\u00fcnder ist.<\/p>\n<\/div><div class=\"fusion-clearfix\"><\/div><\/div><\/div><\/div><\/div>\n","protected":false},"excerpt":{"rendered":"","protected":false},"author":6,"featured_media":1570,"comment_status":"closed","ping_status":"closed","sticky":false,"template":"","format":"standard","meta":{"footnotes":""},"categories":[222],"tags":[278,282,281],"ads-targeting":[977,991],"yoast_head":"<!-- This site is optimized with the Yoast SEO plugin v19.13 - https:\/\/yoast.com\/wordpress\/plugins\/seo\/ -->\n<title>Welches Oliven\u00f6l ist zum Backen am ges\u00fcndesten? - Bart Maes<\/title>\n<meta name=\"description\" content=\"Mildes, gew\u00f6hnliches oder extra natives Oliven\u00f6l? Erkenne, dass nur natives Oliven\u00f6l extra gut f\u00fcr deine Gesundheit ist. Ich erkl\u00e4re warum.\" \/>\n<meta name=\"robots\" content=\"index, follow, max-snippet:-1, max-image-preview:large, max-video-preview:-1\" \/>\n<link rel=\"canonical\" href=\"https:\/\/www.bartmaes.eu\/de\/gesunde-fette\/extra-vergines-olivenoel\/\" \/>\n<meta property=\"og:locale\" content=\"de_DE\" \/>\n<meta property=\"og:type\" content=\"article\" \/>\n<meta property=\"og:title\" content=\"Welches Oliven\u00f6l ist zum Backen am ges\u00fcndesten? - Bart Maes\" \/>\n<meta property=\"og:description\" content=\"Mildes, gew\u00f6hnliches oder extra natives Oliven\u00f6l? Erkenne, dass nur natives Oliven\u00f6l extra gut f\u00fcr deine Gesundheit ist. Ich erkl\u00e4re warum.\" \/>\n<meta property=\"og:url\" content=\"https:\/\/www.bartmaes.eu\/de\/gesunde-fette\/extra-vergines-olivenoel\/\" \/>\n<meta property=\"og:site_name\" content=\"Bart Maes\" \/>\n<meta property=\"article:published_time\" content=\"2018-08-07T10:01:26+00:00\" \/>\n<meta property=\"article:modified_time\" content=\"2020-09-30T08:09:09+00:00\" \/>\n<meta property=\"og:image\" content=\"https:\/\/www.bartmaes.eu\/wp-content\/uploads\/2018\/08\/Olijfolie-in-een-glazen-fles.jpg\" \/>\n\t<meta property=\"og:image:width\" content=\"800\" \/>\n\t<meta property=\"og:image:height\" content=\"1200\" \/>\n\t<meta property=\"og:image:type\" content=\"image\/jpeg\" \/>\n<meta name=\"author\" content=\"Bart Maes\" \/>\n<meta name=\"twitter:card\" content=\"summary_large_image\" \/>\n<script type=\"application\/ld+json\" class=\"yoast-schema-graph\">{\"@context\":\"https:\/\/schema.org\",\"@graph\":[{\"@type\":\"Article\",\"@id\":\"https:\/\/www.bartmaes.eu\/de\/gesunde-fette\/extra-vergines-olivenoel\/#article\",\"isPartOf\":{\"@id\":\"https:\/\/www.bartmaes.eu\/de\/gesunde-fette\/extra-vergines-olivenoel\/\"},\"author\":{\"name\":\"Bart Maes\",\"@id\":\"https:\/\/www.bartmaes.eu\/de\/#\/schema\/person\/494aac885bbf4cdfe56659fdabd4e59a\"},\"headline\":\"Was sollte man am besten zum Braten verwenden? Ein mildes, normales oder extra vergines Oliven\u00f6l?\",\"datePublished\":\"2018-08-07T10:01:26+00:00\",\"dateModified\":\"2020-09-30T08:09:09+00:00\",\"mainEntityOfPage\":{\"@id\":\"https:\/\/www.bartmaes.eu\/de\/gesunde-fette\/extra-vergines-olivenoel\/\"},\"wordCount\":970,\"publisher\":{\"@id\":\"https:\/\/www.bartmaes.eu\/de\/#\/schema\/person\/494aac885bbf4cdfe56659fdabd4e59a\"},\"keywords\":[\"Gesunde Fette\",\"gesundes Backen und Braten\",\"Oliven\u00f6l\"],\"articleSection\":[\"Gesunde Fette\"],\"inLanguage\":\"de\"},{\"@type\":\"WebPage\",\"@id\":\"https:\/\/www.bartmaes.eu\/de\/gesunde-fette\/extra-vergines-olivenoel\/\",\"url\":\"https:\/\/www.bartmaes.eu\/de\/gesunde-fette\/extra-vergines-olivenoel\/\",\"name\":\"Welches Oliven\u00f6l ist zum Backen am ges\u00fcndesten? - Bart Maes\",\"isPartOf\":{\"@id\":\"https:\/\/www.bartmaes.eu\/de\/#website\"},\"datePublished\":\"2018-08-07T10:01:26+00:00\",\"dateModified\":\"2020-09-30T08:09:09+00:00\",\"description\":\"Mildes, gew\u00f6hnliches oder extra natives Oliven\u00f6l? Erkenne, dass nur natives Oliven\u00f6l extra gut f\u00fcr deine Gesundheit ist. Ich erkl\u00e4re warum.\",\"breadcrumb\":{\"@id\":\"https:\/\/www.bartmaes.eu\/de\/gesunde-fette\/extra-vergines-olivenoel\/#breadcrumb\"},\"inLanguage\":\"de\",\"potentialAction\":[{\"@type\":\"ReadAction\",\"target\":[\"https:\/\/www.bartmaes.eu\/de\/gesunde-fette\/extra-vergines-olivenoel\/\"]}]},{\"@type\":\"BreadcrumbList\",\"@id\":\"https:\/\/www.bartmaes.eu\/de\/gesunde-fette\/extra-vergines-olivenoel\/#breadcrumb\",\"itemListElement\":[{\"@type\":\"ListItem\",\"position\":1,\"name\":\"Home\",\"item\":\"https:\/\/www.bartmaes.eu\/de\/\"},{\"@type\":\"ListItem\",\"position\":2,\"name\":\"Was sollte man am besten zum Braten verwenden? Ein mildes, normales oder extra vergines Oliven\u00f6l?\"}]},{\"@type\":\"WebSite\",\"@id\":\"https:\/\/www.bartmaes.eu\/de\/#website\",\"url\":\"https:\/\/www.bartmaes.eu\/de\/\",\"name\":\"Bart Maes\",\"description\":\"Freedom of Health\",\"publisher\":{\"@id\":\"https:\/\/www.bartmaes.eu\/de\/#\/schema\/person\/494aac885bbf4cdfe56659fdabd4e59a\"},\"potentialAction\":[{\"@type\":\"SearchAction\",\"target\":{\"@type\":\"EntryPoint\",\"urlTemplate\":\"https:\/\/www.bartmaes.eu\/de\/?s={search_term_string}\"},\"query-input\":\"required name=search_term_string\"}],\"inLanguage\":\"de\"},{\"@type\":[\"Person\",\"Organization\"],\"@id\":\"https:\/\/www.bartmaes.eu\/de\/#\/schema\/person\/494aac885bbf4cdfe56659fdabd4e59a\",\"name\":\"Bart Maes\",\"image\":{\"@type\":\"ImageObject\",\"inLanguage\":\"de\",\"@id\":\"https:\/\/www.bartmaes.eu\/de\/#\/schema\/person\/image\/\",\"url\":\"https:\/\/www.bartmaes.eu\/wp-content\/uploads\/2020\/09\/Bart-Maes-is-de-Bio-Veggie-Man.png\",\"contentUrl\":\"https:\/\/www.bartmaes.eu\/wp-content\/uploads\/2020\/09\/Bart-Maes-is-de-Bio-Veggie-Man.png\",\"width\":600,\"height\":800,\"caption\":\"Bart Maes\"},\"logo\":{\"@id\":\"https:\/\/www.bartmaes.eu\/de\/#\/schema\/person\/image\/\"}}]}<\/script>\n<!-- \/ Yoast SEO plugin. -->","yoast_head_json":{"title":"Welches Oliven\u00f6l ist zum Backen am ges\u00fcndesten? - Bart Maes","description":"Mildes, gew\u00f6hnliches oder extra natives Oliven\u00f6l? Erkenne, dass nur natives Oliven\u00f6l extra gut f\u00fcr deine Gesundheit ist. Ich erkl\u00e4re warum.","robots":{"index":"index","follow":"follow","max-snippet":"max-snippet:-1","max-image-preview":"max-image-preview:large","max-video-preview":"max-video-preview:-1"},"canonical":"https:\/\/www.bartmaes.eu\/de\/gesunde-fette\/extra-vergines-olivenoel\/","og_locale":"de_DE","og_type":"article","og_title":"Welches Oliven\u00f6l ist zum Backen am ges\u00fcndesten? - Bart Maes","og_description":"Mildes, gew\u00f6hnliches oder extra natives Oliven\u00f6l? Erkenne, dass nur natives Oliven\u00f6l extra gut f\u00fcr deine Gesundheit ist. Ich erkl\u00e4re warum.","og_url":"https:\/\/www.bartmaes.eu\/de\/gesunde-fette\/extra-vergines-olivenoel\/","og_site_name":"Bart Maes","article_published_time":"2018-08-07T10:01:26+00:00","article_modified_time":"2020-09-30T08:09:09+00:00","og_image":[{"width":800,"height":1200,"url":"https:\/\/www.bartmaes.eu\/wp-content\/uploads\/2018\/08\/Olijfolie-in-een-glazen-fles.jpg","type":"image\/jpeg"}],"author":"Bart Maes","twitter_card":"summary_large_image","schema":{"@context":"https:\/\/schema.org","@graph":[{"@type":"Article","@id":"https:\/\/www.bartmaes.eu\/de\/gesunde-fette\/extra-vergines-olivenoel\/#article","isPartOf":{"@id":"https:\/\/www.bartmaes.eu\/de\/gesunde-fette\/extra-vergines-olivenoel\/"},"author":{"name":"Bart Maes","@id":"https:\/\/www.bartmaes.eu\/de\/#\/schema\/person\/494aac885bbf4cdfe56659fdabd4e59a"},"headline":"Was sollte man am besten zum Braten verwenden? Ein mildes, normales oder extra vergines Oliven\u00f6l?","datePublished":"2018-08-07T10:01:26+00:00","dateModified":"2020-09-30T08:09:09+00:00","mainEntityOfPage":{"@id":"https:\/\/www.bartmaes.eu\/de\/gesunde-fette\/extra-vergines-olivenoel\/"},"wordCount":970,"publisher":{"@id":"https:\/\/www.bartmaes.eu\/de\/#\/schema\/person\/494aac885bbf4cdfe56659fdabd4e59a"},"keywords":["Gesunde Fette","gesundes Backen und Braten","Oliven\u00f6l"],"articleSection":["Gesunde Fette"],"inLanguage":"de"},{"@type":"WebPage","@id":"https:\/\/www.bartmaes.eu\/de\/gesunde-fette\/extra-vergines-olivenoel\/","url":"https:\/\/www.bartmaes.eu\/de\/gesunde-fette\/extra-vergines-olivenoel\/","name":"Welches Oliven\u00f6l ist zum Backen am ges\u00fcndesten? - Bart Maes","isPartOf":{"@id":"https:\/\/www.bartmaes.eu\/de\/#website"},"datePublished":"2018-08-07T10:01:26+00:00","dateModified":"2020-09-30T08:09:09+00:00","description":"Mildes, gew\u00f6hnliches oder extra natives Oliven\u00f6l? Erkenne, dass nur natives Oliven\u00f6l extra gut f\u00fcr deine Gesundheit ist. Ich erkl\u00e4re warum.","breadcrumb":{"@id":"https:\/\/www.bartmaes.eu\/de\/gesunde-fette\/extra-vergines-olivenoel\/#breadcrumb"},"inLanguage":"de","potentialAction":[{"@type":"ReadAction","target":["https:\/\/www.bartmaes.eu\/de\/gesunde-fette\/extra-vergines-olivenoel\/"]}]},{"@type":"BreadcrumbList","@id":"https:\/\/www.bartmaes.eu\/de\/gesunde-fette\/extra-vergines-olivenoel\/#breadcrumb","itemListElement":[{"@type":"ListItem","position":1,"name":"Home","item":"https:\/\/www.bartmaes.eu\/de\/"},{"@type":"ListItem","position":2,"name":"Was sollte man am besten zum Braten verwenden? Ein mildes, normales oder extra vergines Oliven\u00f6l?"}]},{"@type":"WebSite","@id":"https:\/\/www.bartmaes.eu\/de\/#website","url":"https:\/\/www.bartmaes.eu\/de\/","name":"Bart Maes","description":"Freedom of Health","publisher":{"@id":"https:\/\/www.bartmaes.eu\/de\/#\/schema\/person\/494aac885bbf4cdfe56659fdabd4e59a"},"potentialAction":[{"@type":"SearchAction","target":{"@type":"EntryPoint","urlTemplate":"https:\/\/www.bartmaes.eu\/de\/?s={search_term_string}"},"query-input":"required name=search_term_string"}],"inLanguage":"de"},{"@type":["Person","Organization"],"@id":"https:\/\/www.bartmaes.eu\/de\/#\/schema\/person\/494aac885bbf4cdfe56659fdabd4e59a","name":"Bart Maes","image":{"@type":"ImageObject","inLanguage":"de","@id":"https:\/\/www.bartmaes.eu\/de\/#\/schema\/person\/image\/","url":"https:\/\/www.bartmaes.eu\/wp-content\/uploads\/2020\/09\/Bart-Maes-is-de-Bio-Veggie-Man.png","contentUrl":"https:\/\/www.bartmaes.eu\/wp-content\/uploads\/2020\/09\/Bart-Maes-is-de-Bio-Veggie-Man.png","width":600,"height":800,"caption":"Bart Maes"},"logo":{"@id":"https:\/\/www.bartmaes.eu\/de\/#\/schema\/person\/image\/"}}]}},"_links":{"self":[{"href":"https:\/\/www.bartmaes.eu\/de\/wp-json\/wp\/v2\/posts\/1588"}],"collection":[{"href":"https:\/\/www.bartmaes.eu\/de\/wp-json\/wp\/v2\/posts"}],"about":[{"href":"https:\/\/www.bartmaes.eu\/de\/wp-json\/wp\/v2\/types\/post"}],"author":[{"embeddable":true,"href":"https:\/\/www.bartmaes.eu\/de\/wp-json\/wp\/v2\/users\/6"}],"replies":[{"embeddable":true,"href":"https:\/\/www.bartmaes.eu\/de\/wp-json\/wp\/v2\/comments?post=1588"}],"version-history":[{"count":1,"href":"https:\/\/www.bartmaes.eu\/de\/wp-json\/wp\/v2\/posts\/1588\/revisions"}],"predecessor-version":[{"id":4826,"href":"https:\/\/www.bartmaes.eu\/de\/wp-json\/wp\/v2\/posts\/1588\/revisions\/4826"}],"wp:featuredmedia":[{"embeddable":true,"href":"https:\/\/www.bartmaes.eu\/de\/wp-json\/wp\/v2\/media\/1570"}],"wp:attachment":[{"href":"https:\/\/www.bartmaes.eu\/de\/wp-json\/wp\/v2\/media?parent=1588"}],"wp:term":[{"taxonomy":"category","embeddable":true,"href":"https:\/\/www.bartmaes.eu\/de\/wp-json\/wp\/v2\/categories?post=1588"},{"taxonomy":"post_tag","embeddable":true,"href":"https:\/\/www.bartmaes.eu\/de\/wp-json\/wp\/v2\/tags?post=1588"},{"taxonomy":"ads-targeting","embeddable":true,"href":"https:\/\/www.bartmaes.eu\/de\/wp-json\/wp\/v2\/ads-targeting?post=1588"}],"curies":[{"name":"wp","href":"https:\/\/api.w.org\/{rel}","templated":true}]}}